{"id":8425,"date":"2016-09-16T07:51:07","date_gmt":"2016-09-16T05:51:07","guid":{"rendered":"http:\/\/slaskipegaz.bs.katowice.pl\/?p=8425"},"modified":"2016-10-03T10:38:04","modified_gmt":"2016-10-03T08:38:04","slug":"relacja-miejsko-gminna-biblioteka-publiczna-w-siewierzu-39","status":"publish","type":"post","link":"https:\/\/slaskipegaz.bs.katowice.pl\/?p=8425","title":{"rendered":"[Relacja] MIEJSKO-GMINNA BIBLIOTEKA PUBLICZNA W SIEWIERZU"},"content":{"rendered":"<h6 style=\"text-align: center;\"><strong>Quo vadis\u201d Henryka Sienkiewicza na Siewierskim Zamku<\/strong><\/h6>\n<p><a href=\"https:\/\/slaskipegaz.bs.katowice.pl\/wp-content\/uploads\/2016\/09\/DSCN8237.jpg\" rel=\"attachment wp-att-8426\"><img loading=\"lazy\" decoding=\"async\" class=\"size-medium wp-image-8426 alignleft\" src=\"https:\/\/slaskipegaz.bs.katowice.pl\/wp-content\/uploads\/2016\/09\/DSCN8237-300x225.jpg\" alt=\"czytanie\" width=\"300\" height=\"225\" srcset=\"https:\/\/slaskipegaz.bs.katowice.pl\/wp-content\/uploads\/2016\/09\/DSCN8237-300x225.jpg 300w, https:\/\/slaskipegaz.bs.katowice.pl\/wp-content\/uploads\/2016\/09\/DSCN8237-768x576.jpg 768w, https:\/\/slaskipegaz.bs.katowice.pl\/wp-content\/uploads\/2016\/09\/DSCN8237-1024x768.jpg 1024w\" sizes=\"auto, (max-width: 300px) 100vw, 300px\" \/><\/a>W sobot\u0119 3 wrze\u015bnia w scenerii urokliwego zamku biskup\u00f3w krakowskich, wsp\u00f3lnie czytali\u015bmy \u201eQuo vadis\u201d.\u00a0Powie\u015b\u0107 ta zosta\u0142a\u00a0 wybrana w g\u0142osowaniu internetowym, spo\u015br\u00f3d pi\u0119ciu propozycji, a wyb\u00f3r nie by\u0142 przypadkowy. Rok 2016 og\u0142oszony zosta\u0142 \u00a0bowiem Rokiem Henryka Sienkiewicza, w maju mija 170 lat od narodzin pisarza, a w listopadzie sto lat od jego \u015bmierci. Henryk Sienkiewicz to r\u00f3wnie\u017c laureat Nagrody Nobla (1905) w dziedzinie literatury za ca\u0142okszta\u0142t tw\u00f3rczo\u015bci.<!--more--><\/p>\n<p>\u201eNarodowe czytanie\u201d to przedsi\u0119wzi\u0119cie zainicjowane w 2012 roku przez Kancelari\u0119 Prezydenta RP. \u00a0 W ramach akcji czytano ju\u017c \u201ePana Tadeusza\u201d, dzie\u0142a Fredry, Trylogi\u0119 oraz \u201eLalk\u0119\u201d. Ide\u0105 akcji jest popularyzacja czytelnictwa, zwr\u00f3cenie uwagi na pi\u0119kno polskiej literatury, potrzeb\u0119 dba\u0142o\u015bci o polszczyzn\u0119 oraz wzmocnienie poczucia wsp\u00f3lnej to\u017csamo\u015bci. \u00a0W tym roku patronat honorowy nad akcj\u0105 obj\u0119\u0142a Para Prezydencka.<\/p>\n<p><a href=\"https:\/\/slaskipegaz.bs.katowice.pl\/wp-content\/uploads\/2016\/09\/DSCN8245.jpg\" rel=\"attachment wp-att-8427\"><img loading=\"lazy\" decoding=\"async\" class=\"aligncenter size-medium wp-image-8427\" src=\"https:\/\/slaskipegaz.bs.katowice.pl\/wp-content\/uploads\/2016\/09\/DSCN8245-300x225.jpg\" alt=\"st\u00f3\u0142\" width=\"300\" height=\"225\" srcset=\"https:\/\/slaskipegaz.bs.katowice.pl\/wp-content\/uploads\/2016\/09\/DSCN8245-300x225.jpg 300w, https:\/\/slaskipegaz.bs.katowice.pl\/wp-content\/uploads\/2016\/09\/DSCN8245-768x576.jpg 768w, https:\/\/slaskipegaz.bs.katowice.pl\/wp-content\/uploads\/2016\/09\/DSCN8245-1024x768.jpg 1024w\" sizes=\"auto, (max-width: 300px) 100vw, 300px\" \/><\/a><\/p>\n<p>W Siewierzu, w \u015bwiat fascynuj\u0105cej lektury zapraszali: Burmistrz Miasta i Gminy Siewierz Pan Zdzis\u0142aw Bana\u015b wraz z Ma\u0142\u017conk\u0105, Zast\u0119pca Burmistrza Miasta i Gminy Siewierz Pan Dariusz Waluszczyk, Przewodnicz\u0105ca Rady Miejskiej w Siewierzu Pani Barbara Bochenek wraz z Radnymi Rady Miejskiej, Radna Rady Powiatu Pani Lidia Maltazar\u2013Czerczak, Ksi\u0105dz Proboszcz Stanis\u0142aw Stra\u017c oraz Ksi\u0105dz \u0141ukasz Ma\u0142kiewicz, Dyrektor Zespo\u0142u Szkolno-Przedszkolnego w \u017belis\u0142awicach Pani Ewa Stelmach, Dyrektor Zespo\u0142u Szk\u00f3\u0142 w Brudzowicach Pan Janusz Stelmach, Piosenkarka Pani Renata Niedba\u0142\u2013Witta wyst\u0119puj\u0105ca pod pseudonimem artystycznym Mona Lisa, Prezes Chor\u0105gwi Rycerskiej Ksi\u0119stwa Siewierskiego Pan Marek Ku\u015bmierski, Redaktor iTV Siewierz Pani Agnieszka Zar\u0119ba\u2013Furgol, nauczyciele, s\u0142uchacze Uniwersytetu Trzeciego Wieku w Siewierzu, przedstawiciele Urz\u0119du Miasta i Gminy Siewierz, przedstawiciele Nadle\u015bnictwa Siewierz, przedstawicielki k\u00f3\u0142 gospody\u0144 wiejskich, uczniowie i bibliotekarze.<\/p>\n<p>Spotkanie u\u015bwietni\u0142, pe\u0142en ciep\u0142ego humoru, wyst\u0119p artystyczny s\u0142uchaczy Uniwersytetu Trzeciego Wieku w Siewierzu Pani Jadwigi Sroki oraz Pana Jana Ba\u0144ki.<\/p>\n<p><a href=\"https:\/\/slaskipegaz.bs.katowice.pl\/wp-content\/uploads\/2016\/09\/DSCN8202.jpg\" rel=\"attachment wp-att-8428\"><img loading=\"lazy\" decoding=\"async\" class=\"aligncenter size-medium wp-image-8428\" src=\"https:\/\/slaskipegaz.bs.katowice.pl\/wp-content\/uploads\/2016\/09\/DSCN8202-300x225.jpg\" alt=\"wystawa\" width=\"300\" height=\"225\" srcset=\"https:\/\/slaskipegaz.bs.katowice.pl\/wp-content\/uploads\/2016\/09\/DSCN8202-300x225.jpg 300w, https:\/\/slaskipegaz.bs.katowice.pl\/wp-content\/uploads\/2016\/09\/DSCN8202-768x576.jpg 768w, https:\/\/slaskipegaz.bs.katowice.pl\/wp-content\/uploads\/2016\/09\/DSCN8202-1024x768.jpg 1024w\" sizes=\"auto, (max-width: 300px) 100vw, 300px\" \/><\/a><\/p>\n<p>Ca\u0142emu wydarzeniu towarzyszy\u0142a, przygotowana przez pracownik\u00f3w biblioteki, pi\u0119kna wystawa, \u00a0prezentuj\u0105ca fakty biograficzne, informacje o utworach Sienkiewicza i ich ekranizacjach oraz \u00a0ciekawostki i anegdoty o autorze.<\/p>\n<p>Osoby ch\u0119tne mog\u0142y r\u00f3wnie\u017c spr\u00f3bowa\u0107 swoich si\u0142 w konkursie wiedzy o \u017cyciu i tw\u00f3rczo\u015bci pisarza.<\/p>\n<p>Wszyscy, kt\u00f3rzy w ramach Narodowego Czytania przynie\u015bli ze sob\u0105 egzemplarz &#8222;Qvo vadis&#8221; lub inn\u0105 powie\u015b\u0107 Henryka Sienkiewicza mieli okazj\u0119 umie\u015bci\u0107 w ksi\u0105\u017ckach okoliczno\u015bciow\u0105 piecz\u0119\u0107 upami\u0119tniaj\u0105c\u0105 to wyj\u0105tkowe wydarzenie.<\/p>\n<p>Na zako\u0144czenie literackiego spotkania czeka\u0142a mi\u0142a niespodzianka. Prezes Zarz\u0105du Fundacji Zamek Siewierski im. Ksi\u0119stwa Siewierskiego Pan Marian Nowacki zaprosi\u0142 wszystkich obecnych na dziedzi\u0144cu Zamku Siewierskiego na prezentacj\u0119 drugiego, czynnego mostu zwodzonego w Polsce.<\/p>\n<p>Serdecznie dzi\u0119kujemy wszystkim Pa\u0144stwu za wsp\u00f3lne czytanie \u201eQuo vadis\u201d, mamy nadziej\u0119, \u017ce by\u0142 to dla Pa\u0144stwa czas inspiruj\u0105cych refleksji\u00a0 i okazja aby umocni\u0107 si\u0119 w przekonaniu,\u00a0 \u017ce dobra literatura nadal potrafi zainteresowa\u0107, cieszy\u0107 i wzrusza\u0107.<\/p>\n<p style=\"text-align: left;\">Nades\u0142a\u0142a:\u00a0M. Szlachta,\u00a0MGBP w Siewierzu<\/p>\n","protected":false},"excerpt":{"rendered":"<p>Quo vadis\u201d Henryka Sienkiewicza na Siewierskim Zamku W sobot\u0119 3 wrze\u015bnia w scenerii urokliwego zamku biskup\u00f3w krakowskich, wsp\u00f3lnie czytali\u015bmy \u201eQuo vadis\u201d.\u00a0Powie\u015b\u0107 ta zosta\u0142a\u00a0 wybrana w g\u0142osowaniu internetowym, spo\u015br\u00f3d pi\u0119ciu propozycji, a wyb\u00f3r nie by\u0142 przypadkowy. Rok 2016 og\u0142oszony zosta\u0142 \u00a0bowiem Rokiem Henryka Sienkiewicza, w maju mija 170 lat od narodzin pisarza, a w listopadzie sto &hellip; <a href=\"https:\/\/slaskipegaz.bs.katowice.pl\/?p=8425\" class=\"more-link\">Czytaj dalej <span class=\"screen-reader-text\">[Relacja] MIEJSKO-GMINNA BIBLIOTEKA PUBLICZNA W SIEWIERZU<\/span> <span class=\"meta-nav\">&rarr;<\/span><\/a><\/p>\n","protected":false},"author":3,"featured_media":8426,"comment_status":"closed","ping_status":"closed","sticky":false,"template":"","format":"standard","meta":{"_acf_changed":false,"_exactmetrics_skip_tracking":false,"_exactmetrics_sitenote_active":false,"_exactmetrics_sitenote_note":"","_exactmetrics_sitenote_category":0,"footnotes":""},"categories":[829],"tags":[773,67,797],"class_list":["post-8425","post","type-post","status-publish","format-standard","has-post-thumbnail","hentry","category-nr-25-pazdziernik-2016","tag-henryk-sienkiewicz","tag-miejsko-gminna-biblioteka-publiczna-w-siewierzu","tag-narodowe-czytanie-2016"],"acf":[],"jetpack_featured_media_url":"https:\/\/slaskipegaz.bs.katowice.pl\/wp-content\/uploads\/2016\/09\/DSCN8237.jpg","_links":{"self":[{"href":"https:\/\/slaskipegaz.bs.katowice.pl\/index.php?rest_route=\/wp\/v2\/posts\/8425","targetHints":{"allow":["GET"]}}],"collection":[{"href":"https:\/\/slaskipegaz.bs.katowice.pl\/index.php?rest_route=\/wp\/v2\/posts"}],"about":[{"href":"https:\/\/slaskipegaz.bs.katowice.pl\/index.php?rest_route=\/wp\/v2\/types\/post"}],"author":[{"embeddable":true,"href":"https:\/\/slaskipegaz.bs.katowice.pl\/index.php?rest_route=\/wp\/v2\/users\/3"}],"replies":[{"embeddable":true,"href":"https:\/\/slaskipegaz.bs.katowice.pl\/index.php?rest_route=%2Fwp%2Fv2%2Fcomments&post=8425"}],"version-history":[{"count":1,"href":"https:\/\/slaskipegaz.bs.katowice.pl\/index.php?rest_route=\/wp\/v2\/posts\/8425\/revisions"}],"predecessor-version":[{"id":8429,"href":"https:\/\/slaskipegaz.bs.katowice.pl\/index.php?rest_route=\/wp\/v2\/posts\/8425\/revisions\/8429"}],"wp:featuredmedia":[{"embeddable":true,"href":"https:\/\/slaskipegaz.bs.katowice.pl\/index.php?rest_route=\/wp\/v2\/media\/8426"}],"wp:attachment":[{"href":"https:\/\/slaskipegaz.bs.katowice.pl\/index.php?rest_route=%2Fwp%2Fv2%2Fmedia&parent=8425"}],"wp:term":[{"taxonomy":"category","embeddable":true,"href":"https:\/\/slaskipegaz.bs.katowice.pl\/index.php?rest_route=%2Fwp%2Fv2%2Fcategories&post=8425"},{"taxonomy":"post_tag","embeddable":true,"href":"https:\/\/slaskipegaz.bs.katowice.pl\/index.php?rest_route=%2Fwp%2Fv2%2Ftags&post=8425"}],"curies":[{"name":"wp","href":"https:\/\/api.w.org\/{rel}","templated":true}]}}