{"id":8519,"date":"2016-09-21T10:14:58","date_gmt":"2016-09-21T08:14:58","guid":{"rendered":"http:\/\/slaskipegaz.bs.katowice.pl\/?p=8519"},"modified":"2016-10-03T10:36:50","modified_gmt":"2016-10-03T08:36:50","slug":"relacja-miejsko-powiatowa-biblioteka-publiczna-w-pszczynie-20","status":"publish","type":"post","link":"https:\/\/slaskipegaz.bs.katowice.pl\/?p=8519","title":{"rendered":"[Relacja] MIEJSKO-POWIATOWA BIBLIOTEKA PUBLICZNA W PSZCZYNIE"},"content":{"rendered":"<h6 style=\"text-align: center;\">Jubileusz 70-lecia Miejsko-Powiatowej Biblioteki Publicznej w Pszczynie<\/h6>\n<p><a href=\"https:\/\/slaskipegaz.bs.katowice.pl\/wp-content\/uploads\/2016\/09\/ND8_0917.jpg\" rel=\"attachment wp-att-8520\"><img loading=\"lazy\" decoding=\"async\" class=\"size-medium wp-image-8520 alignleft\" src=\"https:\/\/slaskipegaz.bs.katowice.pl\/wp-content\/uploads\/2016\/09\/ND8_0917-300x200.jpg\" alt=\"jubileusz\" width=\"300\" height=\"200\" srcset=\"https:\/\/slaskipegaz.bs.katowice.pl\/wp-content\/uploads\/2016\/09\/ND8_0917-300x200.jpg 300w, https:\/\/slaskipegaz.bs.katowice.pl\/wp-content\/uploads\/2016\/09\/ND8_0917-768x513.jpg 768w, https:\/\/slaskipegaz.bs.katowice.pl\/wp-content\/uploads\/2016\/09\/ND8_0917.jpg 990w\" sizes=\"auto, (max-width: 300px) 100vw, 300px\" \/><\/a>Rok 2016 w dzia\u0142alno\u015bci i pracy naszej Biblioteki skupia\u0142 si\u0119 g\u0142\u00f3wnie wok\u00f3\u0142 jubileuszu 70-lecia istnienia naszej ksi\u0105\u017cnicy. Odby\u0142o si\u0119 szereg r\u00f3\u017cnorodnych imprez, typu konferencje, konkursy, warsztaty, wystawy, happeningi dla naszych pracownik\u00f3w i czytelnik\u00f3w, zar\u00f3wno tych m\u0142odych i doros\u0142ych.<!--more--><\/p>\n<p>Zwie\u0144czeniem tego \u015bwi\u0119ta by\u0142a uroczysto\u015b\u0107 podsumowuj\u0105ca te obchody. 15 wrze\u015bnia w Sali PCK-ul zebrali si\u0119 sympatycy Biblioteki. Go\u015bcili\u015bmy w\u0142adze gminy z burmistrzem Dariuszem Skrobolem na czele, w\u0142adze powiatowe z Paw\u0142em Sadz\u0105, starost\u0105 pszczy\u0144skim. Zaszczycili nas tak\u017ce swoj\u0105 obecno\u015bci\u0105 przedstawiciele Biblioteki \u015al\u0105skiem z prof. Janem Malickim. Profesor w pi\u0119knych s\u0142owach podzi\u0119kowa\u0142 Bibliotekarkom i podkre\u015bli\u0142 wa\u017cno\u015b\u0107 i znaczenie bibliotek dla kultury.<\/p>\n<p><a href=\"https:\/\/slaskipegaz.bs.katowice.pl\/wp-content\/uploads\/2016\/09\/ND8_0945.jpg\" rel=\"attachment wp-att-8521\"><img loading=\"lazy\" decoding=\"async\" class=\"aligncenter size-medium wp-image-8521\" src=\"https:\/\/slaskipegaz.bs.katowice.pl\/wp-content\/uploads\/2016\/09\/ND8_0945-300x200.jpg\" alt=\"profesor\" width=\"300\" height=\"200\" srcset=\"https:\/\/slaskipegaz.bs.katowice.pl\/wp-content\/uploads\/2016\/09\/ND8_0945-300x200.jpg 300w, https:\/\/slaskipegaz.bs.katowice.pl\/wp-content\/uploads\/2016\/09\/ND8_0945-768x513.jpg 768w, https:\/\/slaskipegaz.bs.katowice.pl\/wp-content\/uploads\/2016\/09\/ND8_0945.jpg 990w\" sizes=\"auto, (max-width: 300px) 100vw, 300px\" \/><\/a><\/p>\n<p>Naszymi go\u015b\u0107mi byli tak\u017ce emerytowani pracownicy Biblioteki, w tym dwie panie dyrektor z lat poprzednich, wielu przedstawicieli zaprzyja\u017anionych i wsp\u00f3\u0142pracuj\u0105cych z Bibliotek\u0105 instytucji.<\/p>\n<p><a href=\"https:\/\/slaskipegaz.bs.katowice.pl\/wp-content\/uploads\/2016\/09\/ND8_0907.jpg\" rel=\"attachment wp-att-8522\"><img loading=\"lazy\" decoding=\"async\" class=\"aligncenter size-medium wp-image-8522\" src=\"https:\/\/slaskipegaz.bs.katowice.pl\/wp-content\/uploads\/2016\/09\/ND8_0907-300x205.jpg\" alt=\"go\u015bcie\" width=\"300\" height=\"205\" srcset=\"https:\/\/slaskipegaz.bs.katowice.pl\/wp-content\/uploads\/2016\/09\/ND8_0907-300x205.jpg 300w, https:\/\/slaskipegaz.bs.katowice.pl\/wp-content\/uploads\/2016\/09\/ND8_0907-768x525.jpg 768w, https:\/\/slaskipegaz.bs.katowice.pl\/wp-content\/uploads\/2016\/09\/ND8_0907.jpg 990w\" sizes=\"auto, (max-width: 300px) 100vw, 300px\" \/><\/a><\/p>\n<p>Uroczysto\u015b\u0107 otwar\u0142a bibliotekarka, czytaj\u0105c wiersze zwi\u0105zane z nasz\u0105 prac\u0105 pi\u00f3ra Krystiana Ga\u0142uszki.\u00a0Ca\u0142o\u015b\u0107 imprezy prowadzi\u0142a dyrektor Miejsko-Powiatowej Biblioteki Publicznej w Pszczynie \u2013 Teresa Musik.<\/p>\n<p>W cz\u0119\u015bci oficjalnej Burmistrz i Starosta wr\u0119czyli na r\u0119ce Dyrektora MPBP odznaczenie dla Biblioteki \u2013 Zas\u0142u\u017cony dla Kultury Polskiej, przyznawane przez Ministra Kultury i Dziedzictwa Narodowego. Takie odznaczenie otrzyma\u0142a tak\u017ce Maria Por\u0119bska, kierownik Dzia\u0142u Gromadzenia i Opracowania Zbior\u00f3w MPBP w Pszczynie.<\/p>\n<p><a href=\"https:\/\/slaskipegaz.bs.katowice.pl\/wp-content\/uploads\/2016\/09\/ND8_1089.jpg\" rel=\"attachment wp-att-8523\"><img loading=\"lazy\" decoding=\"async\" class=\"aligncenter size-medium wp-image-8523\" src=\"https:\/\/slaskipegaz.bs.katowice.pl\/wp-content\/uploads\/2016\/09\/ND8_1089-300x200.jpg\" alt=\"wr\u0119czenie\" width=\"300\" height=\"200\" srcset=\"https:\/\/slaskipegaz.bs.katowice.pl\/wp-content\/uploads\/2016\/09\/ND8_1089-300x200.jpg 300w, https:\/\/slaskipegaz.bs.katowice.pl\/wp-content\/uploads\/2016\/09\/ND8_1089-768x513.jpg 768w, https:\/\/slaskipegaz.bs.katowice.pl\/wp-content\/uploads\/2016\/09\/ND8_1089.jpg 990w\" sizes=\"auto, (max-width: 300px) 100vw, 300px\" \/><\/a><\/p>\n<p>Wszystkie bibliotekarki otrzyma\u0142y listy gratulacyjne i serdeczne podzi\u0119kowania za prac\u0119 w Bibliotece od Burmistrza Pszczyny, Starosty pszczy\u0144skiego i Dyrektora MPBP w Pszczynie.<\/p>\n<p><a href=\"https:\/\/slaskipegaz.bs.katowice.pl\/wp-content\/uploads\/2016\/09\/ND8_1082.jpg\" rel=\"attachment wp-att-8524\"><img loading=\"lazy\" decoding=\"async\" class=\"aligncenter size-medium wp-image-8524\" src=\"https:\/\/slaskipegaz.bs.katowice.pl\/wp-content\/uploads\/2016\/09\/ND8_1082-300x200.jpg\" alt=\"go\u015bcie\" width=\"300\" height=\"200\" srcset=\"https:\/\/slaskipegaz.bs.katowice.pl\/wp-content\/uploads\/2016\/09\/ND8_1082-300x200.jpg 300w, https:\/\/slaskipegaz.bs.katowice.pl\/wp-content\/uploads\/2016\/09\/ND8_1082-768x513.jpg 768w, https:\/\/slaskipegaz.bs.katowice.pl\/wp-content\/uploads\/2016\/09\/ND8_1082.jpg 990w\" sizes=\"auto, (max-width: 300px) 100vw, 300px\" \/><\/a><\/p>\n<p>G\u0142\u00f3wnym naszym partnerem, wsp\u00f3\u0142organizatorem obchod\u00f3w 70-lecia by\u0142a Cinematographer Productions.\u00a0Prezes firmy, Miros\u0142aw Kozik podsumowa\u0142 projekt : \u201ePromocja Biblioteki i czytelnictwa w Pszczynie\u201d.<\/p>\n<p>W cz\u0119\u015bci artystycznej wys\u0142uchali\u015bmy mini koncertu fortepianowego w wykonaniu Juliana Solika i Pauliny Wagstyl \u2013 \u015bpiew. Ca\u0142o\u015b\u0107 zako\u0144czy\u0142 koncert Barbary Brody-Malon z zespo\u0142em.<\/p>\n<p><a href=\"https:\/\/slaskipegaz.bs.katowice.pl\/wp-content\/uploads\/2016\/09\/ND8_1155.jpg\" rel=\"attachment wp-att-8525\"><img loading=\"lazy\" decoding=\"async\" class=\"aligncenter size-medium wp-image-8525\" src=\"https:\/\/slaskipegaz.bs.katowice.pl\/wp-content\/uploads\/2016\/09\/ND8_1155-300x192.jpg\" alt=\"koncert\" width=\"300\" height=\"192\" srcset=\"https:\/\/slaskipegaz.bs.katowice.pl\/wp-content\/uploads\/2016\/09\/ND8_1155-300x192.jpg 300w, https:\/\/slaskipegaz.bs.katowice.pl\/wp-content\/uploads\/2016\/09\/ND8_1155-768x490.jpg 768w, https:\/\/slaskipegaz.bs.katowice.pl\/wp-content\/uploads\/2016\/09\/ND8_1155.jpg 990w\" sizes=\"auto, (max-width: 300px) 100vw, 300px\" \/><\/a>Nades\u0142a\u0142a: Miejsko-Powiatowa Biblioteka Publiczna w Pszczynie<\/p>\n","protected":false},"excerpt":{"rendered":"<p>Jubileusz 70-lecia Miejsko-Powiatowej Biblioteki Publicznej w Pszczynie Rok 2016 w dzia\u0142alno\u015bci i pracy naszej Biblioteki skupia\u0142 si\u0119 g\u0142\u00f3wnie wok\u00f3\u0142 jubileuszu 70-lecia istnienia naszej ksi\u0105\u017cnicy. Odby\u0142o si\u0119 szereg r\u00f3\u017cnorodnych imprez, typu konferencje, konkursy, warsztaty, wystawy, happeningi dla naszych pracownik\u00f3w i czytelnik\u00f3w, zar\u00f3wno tych m\u0142odych i doros\u0142ych.<\/p>\n","protected":false},"author":3,"featured_media":8524,"comment_status":"closed","ping_status":"closed","sticky":false,"template":"","format":"standard","meta":{"_acf_changed":false,"_exactmetrics_skip_tracking":false,"_exactmetrics_sitenote_active":false,"_exactmetrics_sitenote_note":"","_exactmetrics_sitenote_category":0,"footnotes":""},"categories":[829],"tags":[638,155],"class_list":["post-8519","post","type-post","status-publish","format-standard","has-post-thumbnail","hentry","category-nr-25-pazdziernik-2016","tag-jubileusz-70-lecia","tag-miejsko-powiatowa-biblioteka-publiczna-w-pszczynie"],"acf":[],"jetpack_featured_media_url":"https:\/\/slaskipegaz.bs.katowice.pl\/wp-content\/uploads\/2016\/09\/ND8_1082.jpg","_links":{"self":[{"href":"https:\/\/slaskipegaz.bs.katowice.pl\/index.php?rest_route=\/wp\/v2\/posts\/8519","targetHints":{"allow":["GET"]}}],"collection":[{"href":"https:\/\/slaskipegaz.bs.katowice.pl\/index.php?rest_route=\/wp\/v2\/posts"}],"about":[{"href":"https:\/\/slaskipegaz.bs.katowice.pl\/index.php?rest_route=\/wp\/v2\/types\/post"}],"author":[{"embeddable":true,"href":"https:\/\/slaskipegaz.bs.katowice.pl\/index.php?rest_route=\/wp\/v2\/users\/3"}],"replies":[{"embeddable":true,"href":"https:\/\/slaskipegaz.bs.katowice.pl\/index.php?rest_route=%2Fwp%2Fv2%2Fcomments&post=8519"}],"version-history":[{"count":1,"href":"https:\/\/slaskipegaz.bs.katowice.pl\/index.php?rest_route=\/wp\/v2\/posts\/8519\/revisions"}],"predecessor-version":[{"id":8526,"href":"https:\/\/slaskipegaz.bs.katowice.pl\/index.php?rest_route=\/wp\/v2\/posts\/8519\/revisions\/8526"}],"wp:featuredmedia":[{"embeddable":true,"href":"https:\/\/slaskipegaz.bs.katowice.pl\/index.php?rest_route=\/wp\/v2\/media\/8524"}],"wp:attachment":[{"href":"https:\/\/slaskipegaz.bs.katowice.pl\/index.php?rest_route=%2Fwp%2Fv2%2Fmedia&parent=8519"}],"wp:term":[{"taxonomy":"category","embeddable":true,"href":"https:\/\/slaskipegaz.bs.katowice.pl\/index.php?rest_route=%2Fwp%2Fv2%2Fcategories&post=8519"},{"taxonomy":"post_tag","embeddable":true,"href":"https:\/\/slaskipegaz.bs.katowice.pl\/index.php?rest_route=%2Fwp%2Fv2%2Ftags&post=8519"}],"curies":[{"name":"wp","href":"https:\/\/api.w.org\/{rel}","templated":true}]}}