{"id":863,"date":"2014-11-13T10:32:26","date_gmt":"2014-11-13T09:32:26","guid":{"rendered":"http:\/\/slaskipegaz.bs.katowice.pl\/?p=863"},"modified":"2014-12-01T14:29:36","modified_gmt":"2014-12-01T13:29:36","slug":"relacja-miejsko-gminna-biblioteka-publiczna-w-siewierzu-2","status":"publish","type":"post","link":"https:\/\/slaskipegaz.bs.katowice.pl\/?p=863","title":{"rendered":"[Relacja] MIEJSKO-GMINNA BIBLIOTEKA PUBLICZNA W SIEWIERZU"},"content":{"rendered":"<h6>\u201eSpotkanie z Misiem Ambro\u017cym\u201d w bibliotece.<\/h6>\n<p><a href=\"https:\/\/slaskipegaz.bs.katowice.pl\/wp-content\/uploads\/2014\/11\/edu-artis-i-lekcja-046.jpg\"><img loading=\"lazy\" decoding=\"async\" class=\"alignleft size-medium wp-image-864\" src=\"https:\/\/slaskipegaz.bs.katowice.pl\/wp-content\/uploads\/2014\/11\/edu-artis-i-lekcja-046-300x225.jpg\" alt=\"edu artis i lekcja 046\" width=\"300\" height=\"225\" srcset=\"https:\/\/slaskipegaz.bs.katowice.pl\/wp-content\/uploads\/2014\/11\/edu-artis-i-lekcja-046-300x225.jpg 300w, https:\/\/slaskipegaz.bs.katowice.pl\/wp-content\/uploads\/2014\/11\/edu-artis-i-lekcja-046-1024x768.jpg 1024w\" sizes=\"auto, (max-width: 300px) 100vw, 300px\" \/><\/a>Pi\u0105tego listopada obchodzony jest Mi\u0119dzynarodowy Dzie\u0144 Postaci z Bajek. \u015awi\u0119to bajkowych postaci to \u015bwietna okazja, aby zaprosi\u0107 najm\u0142odszych czytelnik\u00f3w na bajk\u0119 pe\u0142n\u0105 ciep\u0142ego humoru i dobrej zabawy. Dlatego te\u017c w tym dniu siewierska biblioteka zaprosi\u0142a dzieci z Publicznego Przedszkola w Siewierzu na \u201eSpotkanie z Misiem Ambro\u017cym\u201d.<\/p>\n<p><!--more-->Ten interaktywny spektakl, zaprezentowany przez Grup\u0119 Teatralno-Warsztatow\u0105 Edu Artis z Krakowa, pozwoli\u0142 dzieciom na prze\u017cycie wyj\u0105tkowej przygody. M\u0142odzi czytelnicy wraz z aktorami przygotowali urodzinowe przyj\u0119cia dla misia, poszukiwali dla niego przyjaci\u00f3\u0142, ta\u0144czyli, \u015bpiewali piosenki.<\/p>\n<p><a href=\"https:\/\/slaskipegaz.bs.katowice.pl\/wp-content\/uploads\/2014\/11\/edu-artis-i-lekcja-049.jpg\"><img loading=\"lazy\" decoding=\"async\" class=\"wp-image-866 aligncenter\" src=\"https:\/\/slaskipegaz.bs.katowice.pl\/wp-content\/uploads\/2014\/11\/edu-artis-i-lekcja-049-300x225.jpg\" alt=\"edu artis i lekcja 049\" width=\"275\" height=\"206\" srcset=\"https:\/\/slaskipegaz.bs.katowice.pl\/wp-content\/uploads\/2014\/11\/edu-artis-i-lekcja-049-300x225.jpg 300w, https:\/\/slaskipegaz.bs.katowice.pl\/wp-content\/uploads\/2014\/11\/edu-artis-i-lekcja-049-1024x768.jpg 1024w\" sizes=\"auto, (max-width: 275px) 100vw, 275px\" \/><\/a>\u00a0 <img loading=\"lazy\" decoding=\"async\" class=\"wp-image-865 aligncenter\" src=\"https:\/\/slaskipegaz.bs.katowice.pl\/wp-content\/uploads\/2014\/11\/edu-artis-i-lekcja-040-300x225.jpg\" alt=\"edu artis i lekcja 040\" width=\"272\" height=\"204\" srcset=\"https:\/\/slaskipegaz.bs.katowice.pl\/wp-content\/uploads\/2014\/11\/edu-artis-i-lekcja-040-300x225.jpg 300w, https:\/\/slaskipegaz.bs.katowice.pl\/wp-content\/uploads\/2014\/11\/edu-artis-i-lekcja-040-1024x768.jpg 1024w\" sizes=\"auto, (max-width: 272px) 100vw, 272px\" \/><\/p>\n<p>Dzieci ch\u0119tnie uczestniczy\u0142y we wsp\u00f3lnych zabawach przy d\u017awi\u0119kach muzyki, wraz z artystami wykona\u0142y dla misia urodzinow\u0105 niespodziank\u0119. Na zako\u0144czenie \u015bwietnej zabawy m\u0142odzi czytelnicy otrzymali od misia Ambro\u017cego drobne upominki,\u00a0 a od pracownik\u00f3w biblioteki s\u0142odkie co nieco.<\/p>\n<p><a href=\"https:\/\/slaskipegaz.bs.katowice.pl\/wp-content\/uploads\/2014\/11\/edu-artis-i-lekcja-081.jpg\"><img loading=\"lazy\" decoding=\"async\" class=\"wp-image-867 aligncenter\" src=\"https:\/\/slaskipegaz.bs.katowice.pl\/wp-content\/uploads\/2014\/11\/edu-artis-i-lekcja-081-300x225.jpg\" alt=\"edu artis i lekcja 081\" width=\"241\" height=\"181\" srcset=\"https:\/\/slaskipegaz.bs.katowice.pl\/wp-content\/uploads\/2014\/11\/edu-artis-i-lekcja-081-300x225.jpg 300w, https:\/\/slaskipegaz.bs.katowice.pl\/wp-content\/uploads\/2014\/11\/edu-artis-i-lekcja-081-1024x768.jpg 1024w\" sizes=\"auto, (max-width: 241px) 100vw, 241px\" \/><\/a>Mamy nadziej\u0119, \u017ce\u00a0 chwile sp\u0119dzone w bibliotece wraz z bajkowymi postaciami na d\u0142ugo pozostan\u0105\u00a0 w pami\u0119ci przedszkolak\u00f3w.<br \/>\n<a href=\"https:\/\/slaskipegaz.bs.katowice.pl\/wp-content\/uploads\/2014\/11\/edu-artis-i-lekcja-114.jpg\"><img loading=\"lazy\" decoding=\"async\" class=\"wp-image-868 aligncenter\" src=\"https:\/\/slaskipegaz.bs.katowice.pl\/wp-content\/uploads\/2014\/11\/edu-artis-i-lekcja-114-300x225.jpg\" alt=\"edu artis i lekcja 114\" width=\"256\" height=\"192\" srcset=\"https:\/\/slaskipegaz.bs.katowice.pl\/wp-content\/uploads\/2014\/11\/edu-artis-i-lekcja-114-300x225.jpg 300w, https:\/\/slaskipegaz.bs.katowice.pl\/wp-content\/uploads\/2014\/11\/edu-artis-i-lekcja-114-1024x768.jpg 1024w\" sizes=\"auto, (max-width: 256px) 100vw, 256px\" \/><\/a><\/p>\n<p>Nades\u0142a\u0142a: M. Szlachta, Miejsko-Gminna Biblioteka Publiczna, Siewierz<\/p>\n","protected":false},"excerpt":{"rendered":"<p>\u201eSpotkanie z Misiem Ambro\u017cym\u201d w bibliotece. Pi\u0105tego listopada obchodzony jest Mi\u0119dzynarodowy Dzie\u0144 Postaci z Bajek. \u015awi\u0119to bajkowych postaci to \u015bwietna okazja, aby zaprosi\u0107 najm\u0142odszych czytelnik\u00f3w na bajk\u0119 pe\u0142n\u0105 ciep\u0142ego humoru i dobrej zabawy. Dlatego te\u017c w tym dniu siewierska biblioteka zaprosi\u0142a dzieci z Publicznego Przedszkola w Siewierzu na \u201eSpotkanie z Misiem Ambro\u017cym\u201d.<\/p>\n","protected":false},"author":3,"featured_media":867,"comment_status":"closed","ping_status":"open","sticky":false,"template":"","format":"standard","meta":{"_acf_changed":false,"_exactmetrics_skip_tracking":false,"_exactmetrics_sitenote_active":false,"_exactmetrics_sitenote_note":"","_exactmetrics_sitenote_category":0,"footnotes":""},"categories":[106],"tags":[67,79],"class_list":["post-863","post","type-post","status-publish","format-standard","has-post-thumbnail","hentry","category-nr-3-grudzien-2014","tag-miejsko-gminna-biblioteka-publiczna-w-siewierzu","tag-zajecia-dla-dzieci"],"acf":[],"jetpack_featured_media_url":"https:\/\/slaskipegaz.bs.katowice.pl\/wp-content\/uploads\/2014\/11\/edu-artis-i-lekcja-081.jpg","_links":{"self":[{"href":"https:\/\/slaskipegaz.bs.katowice.pl\/index.php?rest_route=\/wp\/v2\/posts\/863","targetHints":{"allow":["GET"]}}],"collection":[{"href":"https:\/\/slaskipegaz.bs.katowice.pl\/index.php?rest_route=\/wp\/v2\/posts"}],"about":[{"href":"https:\/\/slaskipegaz.bs.katowice.pl\/index.php?rest_route=\/wp\/v2\/types\/post"}],"author":[{"embeddable":true,"href":"https:\/\/slaskipegaz.bs.katowice.pl\/index.php?rest_route=\/wp\/v2\/users\/3"}],"replies":[{"embeddable":true,"href":"https:\/\/slaskipegaz.bs.katowice.pl\/index.php?rest_route=%2Fwp%2Fv2%2Fcomments&post=863"}],"version-history":[{"count":2,"href":"https:\/\/slaskipegaz.bs.katowice.pl\/index.php?rest_route=\/wp\/v2\/posts\/863\/revisions"}],"predecessor-version":[{"id":870,"href":"https:\/\/slaskipegaz.bs.katowice.pl\/index.php?rest_route=\/wp\/v2\/posts\/863\/revisions\/870"}],"wp:featuredmedia":[{"embeddable":true,"href":"https:\/\/slaskipegaz.bs.katowice.pl\/index.php?rest_route=\/wp\/v2\/media\/867"}],"wp:attachment":[{"href":"https:\/\/slaskipegaz.bs.katowice.pl\/index.php?rest_route=%2Fwp%2Fv2%2Fmedia&parent=863"}],"wp:term":[{"taxonomy":"category","embeddable":true,"href":"https:\/\/slaskipegaz.bs.katowice.pl\/index.php?rest_route=%2Fwp%2Fv2%2Fcategories&post=863"},{"taxonomy":"post_tag","embeddable":true,"href":"https:\/\/slaskipegaz.bs.katowice.pl\/index.php?rest_route=%2Fwp%2Fv2%2Ftags&post=863"}],"curies":[{"name":"wp","href":"https:\/\/api.w.org\/{rel}","templated":true}]}}