{"id":9063,"date":"2016-12-01T12:06:42","date_gmt":"2016-12-01T11:06:42","guid":{"rendered":"http:\/\/slaskipegaz.bs.katowice.pl\/?p=9063"},"modified":"2016-12-01T12:08:32","modified_gmt":"2016-12-01T11:08:32","slug":"relacja-miejska-biblioteka-publiczna-w-wisle-22","status":"publish","type":"post","link":"https:\/\/slaskipegaz.bs.katowice.pl\/?p=9063","title":{"rendered":"[Relacja] MIEJSKA BIBLIOTEKA PUBLICZNA W WI\u015aLE"},"content":{"rendered":"<h6 style=\"text-align: center;\">Najstarsze wi\u015bla\u0144skie dokumenty<\/h6>\n<p><a href=\"https:\/\/slaskipegaz.bs.katowice.pl\/wp-content\/uploads\/2016\/12\/archiwum_parafialne_028.jpg\" rel=\"attachment wp-att-9064\"><img loading=\"lazy\" decoding=\"async\" class=\"size-medium wp-image-9064 alignleft\" src=\"https:\/\/slaskipegaz.bs.katowice.pl\/wp-content\/uploads\/2016\/12\/archiwum_parafialne_028-300x200.jpg\" alt=\"prelegent\" width=\"300\" height=\"200\" srcset=\"https:\/\/slaskipegaz.bs.katowice.pl\/wp-content\/uploads\/2016\/12\/archiwum_parafialne_028-300x200.jpg 300w, https:\/\/slaskipegaz.bs.katowice.pl\/wp-content\/uploads\/2016\/12\/archiwum_parafialne_028-768x512.jpg 768w, https:\/\/slaskipegaz.bs.katowice.pl\/wp-content\/uploads\/2016\/12\/archiwum_parafialne_028-1024x683.jpg 1024w, https:\/\/slaskipegaz.bs.katowice.pl\/wp-content\/uploads\/2016\/12\/archiwum_parafialne_028.jpg 1200w\" sizes=\"auto, (max-width: 300px) 100vw, 300px\" \/><\/a>Parafia Ewangelicko-Augsburska w Wi\u015ble oraz Miejska Biblioteka Publiczna im. Jana \u015aniegonia 10 listopada 2016 r. zorganizowa\u0142y konferencj\u0119 pt. \u201e\u0179r\u00f3d\u0142a do dziej\u00f3w Wis\u0142y. Zas\u00f3b Archiwum Parafii Ewangelicko-Augsburskiej w Wi\u015ble\u201d, kt\u00f3ra odby\u0142a si\u0119 w Domu Zborowym. <!--more-->W\u015br\u00f3d go\u015bci znale\u017ali si\u0119 m.in. duchowni na czele z biskupami seniorami ks. Paw\u0142em Anweilerem i ks. Januszem Jaguckim, burmistrz miasta Wis\u0142a Tomasz Bujok oraz radni powiatowi i miejscy. Na sali nie zabrak\u0142o Krzysztofa Szelonga \u2013 dyrektora Ksi\u0105\u017cnicy Cieszy\u0144skiej, kt\u00f3ra wspar\u0142a parafi\u0119 wykonuj\u0105c dezynfekcj\u0119 jej zbior\u00f3w archiwalnych i bibliotecznych.<\/p>\n<p><a href=\"https:\/\/slaskipegaz.bs.katowice.pl\/wp-content\/uploads\/2016\/12\/archiwum_parafialne_043.jpg\" rel=\"attachment wp-att-9069\"><img loading=\"lazy\" decoding=\"async\" class=\"aligncenter size-medium wp-image-9069\" src=\"https:\/\/slaskipegaz.bs.katowice.pl\/wp-content\/uploads\/2016\/12\/archiwum_parafialne_043-200x300.jpg\" alt=\"prelegent\" width=\"200\" height=\"300\" srcset=\"https:\/\/slaskipegaz.bs.katowice.pl\/wp-content\/uploads\/2016\/12\/archiwum_parafialne_043-200x300.jpg 200w, https:\/\/slaskipegaz.bs.katowice.pl\/wp-content\/uploads\/2016\/12\/archiwum_parafialne_043-768x1152.jpg 768w, https:\/\/slaskipegaz.bs.katowice.pl\/wp-content\/uploads\/2016\/12\/archiwum_parafialne_043-683x1024.jpg 683w, https:\/\/slaskipegaz.bs.katowice.pl\/wp-content\/uploads\/2016\/12\/archiwum_parafialne_043.jpg 800w\" sizes=\"auto, (max-width: 200px) 100vw, 200px\" \/><\/a><\/p>\n<p>&nbsp;<\/p>\n<p>Podczas konferencji referaty wyg\u0142osili: dr hab. Wac\u0142aw Gojniczek \u2013 historyk i archiwista z Uniwersytetu \u015al\u0105skiego w Katowicach, Marcin Gabry\u015b \u2013 kustosz Biblioteki i Archiwum Tschammera w Cieszynie i Danuta Szczypka \u2013 opiekunka archiwum parafialnego. Referat nades\u0142any przez prof. AJD Janusza Spyr\u0119 przedstawi\u0142a w zast\u0119pstwie Renata Czy\u017c \u2013 dyrektor biblioteki. Wyst\u0105pienia dotyczy\u0142y potrzeby archiwizowania dokument\u00f3w, zasob\u00f3w archiw\u00f3w ewangelickich w Cieszynie i Wi\u015ble oraz najstarszych dokument\u00f3w znajduj\u0105cych si\u0119 w wi\u015bla\u0144skiej plac\u00f3wce.<\/p>\n<p><a href=\"https:\/\/slaskipegaz.bs.katowice.pl\/wp-content\/uploads\/2016\/12\/archiwum_parafialne_061.jpg\" rel=\"attachment wp-att-9065\"><img loading=\"lazy\" decoding=\"async\" class=\"aligncenter size-medium wp-image-9065\" src=\"https:\/\/slaskipegaz.bs.katowice.pl\/wp-content\/uploads\/2016\/12\/archiwum_parafialne_061-300x200.jpg\" alt=\"spotkanie\" width=\"300\" height=\"200\" srcset=\"https:\/\/slaskipegaz.bs.katowice.pl\/wp-content\/uploads\/2016\/12\/archiwum_parafialne_061-300x200.jpg 300w, https:\/\/slaskipegaz.bs.katowice.pl\/wp-content\/uploads\/2016\/12\/archiwum_parafialne_061-768x512.jpg 768w, https:\/\/slaskipegaz.bs.katowice.pl\/wp-content\/uploads\/2016\/12\/archiwum_parafialne_061-1024x683.jpg 1024w, https:\/\/slaskipegaz.bs.katowice.pl\/wp-content\/uploads\/2016\/12\/archiwum_parafialne_061.jpg 1200w\" sizes=\"auto, (max-width: 300px) 100vw, 300px\" \/><\/a><\/p>\n<p>Na zako\u0144czenie spotkania proboszcz Parafii Ewangelicko-Augsburskiej w Wi\u015ble ks. Waldemar Szajthauer w towarzystwie kuratora Leszka Pod\u017corskiego podzi\u0119kowa\u0142 tw\u00f3rcom archiwum. Podzi\u0119kowania i gratulacje odebrali: Danuta Szczypka \u2013 g\u0142\u00f3wna wykonawczyni projektu, Wanda Kuczera, \u0141ucja Brze\u017cycka z Ksi\u0105\u017cnicy Cieszy\u0144skiej, Wac\u0142aw Gojniczek i Marcin Gabry\u015b. Nast\u0119pnie g\u0142os zabra\u0142 ks. bp senior Pawe\u0142 Anweiler, kt\u00f3ry wyrazi\u0142 uznanie dla pracy Danuty Szczypki oraz konsekwencji w realizacji podj\u0119tego zadania.<\/p>\n<p><a href=\"https:\/\/slaskipegaz.bs.katowice.pl\/wp-content\/uploads\/2016\/12\/archiwum_parafialne_075.jpg\" rel=\"attachment wp-att-9066\"><img loading=\"lazy\" decoding=\"async\" class=\"aligncenter size-medium wp-image-9066\" src=\"https:\/\/slaskipegaz.bs.katowice.pl\/wp-content\/uploads\/2016\/12\/archiwum_parafialne_075-200x300.jpg\" alt=\"prelegent\" width=\"200\" height=\"300\" srcset=\"https:\/\/slaskipegaz.bs.katowice.pl\/wp-content\/uploads\/2016\/12\/archiwum_parafialne_075-200x300.jpg 200w, https:\/\/slaskipegaz.bs.katowice.pl\/wp-content\/uploads\/2016\/12\/archiwum_parafialne_075-768x1152.jpg 768w, https:\/\/slaskipegaz.bs.katowice.pl\/wp-content\/uploads\/2016\/12\/archiwum_parafialne_075-683x1024.jpg 683w, https:\/\/slaskipegaz.bs.katowice.pl\/wp-content\/uploads\/2016\/12\/archiwum_parafialne_075.jpg 800w\" sizes=\"auto, (max-width: 200px) 100vw, 200px\" \/><\/a><\/p>\n<p>Po konferencji organizatorzy zaprosili licznie zgromadzon\u0105 publiczno\u015b\u0107 do zwiedzania archiwum znajduj\u0105cego si\u0119 w tzw. starej szkole oraz wystawy przygotowanej w Miejskiej Bibliotece Publicznej w Wi\u015ble. Wystawa sk\u0142ada si\u0119 z kopii najstarszych dokument\u00f3w zgromadzonych w archiwum parafialnym. Pochodz\u0105 one z XVIII wieku i dotycz\u0105 nie tylko dziej\u00f3w parafii, ale te\u017c gminy: kameralnej wsi Wis\u0142a i obowi\u0105zk\u00f3w podda\u0144czych jej mieszka\u0144c\u00f3w wobec ksi\u0119cia i Ko\u015bcio\u0142a rzymskokatolickiego. Wystaw\u0119 mo\u017cna zwiedza\u0107 w godzinach pracy biblioteki do 30 grudnia. Serdecznie zapraszamy!<\/p>\n<p>Nades\u0142a\u0142a: Miejska Biblioteka Publiczna w Wi\u015ble<\/p>\n<p>&nbsp;<\/p>\n<p>&nbsp;<\/p>\n","protected":false},"excerpt":{"rendered":"<p>Najstarsze wi\u015bla\u0144skie dokumenty Parafia Ewangelicko-Augsburska w Wi\u015ble oraz Miejska Biblioteka Publiczna im. Jana \u015aniegonia 10 listopada 2016 r. zorganizowa\u0142y konferencj\u0119 pt. \u201e\u0179r\u00f3d\u0142a do dziej\u00f3w Wis\u0142y. Zas\u00f3b Archiwum Parafii Ewangelicko-Augsburskiej w Wi\u015ble\u201d, kt\u00f3ra odby\u0142a si\u0119 w Domu Zborowym.<\/p>\n","protected":false},"author":3,"featured_media":9064,"comment_status":"closed","ping_status":"closed","sticky":false,"template":"","format":"standard","meta":{"_acf_changed":false,"_exactmetrics_skip_tracking":false,"_exactmetrics_sitenote_active":false,"_exactmetrics_sitenote_note":"","_exactmetrics_sitenote_category":0,"footnotes":""},"categories":[887],"tags":[46,35,903],"class_list":["post-9063","post","type-post","status-publish","format-standard","has-post-thumbnail","hentry","category-nr-27-grudzien-2016","tag-konferencja","tag-miejska-biblioteka-publiczna-w-wisle","tag-zrodla-do-dziejow-wisly"],"acf":[],"jetpack_featured_media_url":"https:\/\/slaskipegaz.bs.katowice.pl\/wp-content\/uploads\/2016\/12\/archiwum_parafialne_028.jpg","_links":{"self":[{"href":"https:\/\/slaskipegaz.bs.katowice.pl\/index.php?rest_route=\/wp\/v2\/posts\/9063","targetHints":{"allow":["GET"]}}],"collection":[{"href":"https:\/\/slaskipegaz.bs.katowice.pl\/index.php?rest_route=\/wp\/v2\/posts"}],"about":[{"href":"https:\/\/slaskipegaz.bs.katowice.pl\/index.php?rest_route=\/wp\/v2\/types\/post"}],"author":[{"embeddable":true,"href":"https:\/\/slaskipegaz.bs.katowice.pl\/index.php?rest_route=\/wp\/v2\/users\/3"}],"replies":[{"embeddable":true,"href":"https:\/\/slaskipegaz.bs.katowice.pl\/index.php?rest_route=%2Fwp%2Fv2%2Fcomments&post=9063"}],"version-history":[{"count":3,"href":"https:\/\/slaskipegaz.bs.katowice.pl\/index.php?rest_route=\/wp\/v2\/posts\/9063\/revisions"}],"predecessor-version":[{"id":9071,"href":"https:\/\/slaskipegaz.bs.katowice.pl\/index.php?rest_route=\/wp\/v2\/posts\/9063\/revisions\/9071"}],"wp:featuredmedia":[{"embeddable":true,"href":"https:\/\/slaskipegaz.bs.katowice.pl\/index.php?rest_route=\/wp\/v2\/media\/9064"}],"wp:attachment":[{"href":"https:\/\/slaskipegaz.bs.katowice.pl\/index.php?rest_route=%2Fwp%2Fv2%2Fmedia&parent=9063"}],"wp:term":[{"taxonomy":"category","embeddable":true,"href":"https:\/\/slaskipegaz.bs.katowice.pl\/index.php?rest_route=%2Fwp%2Fv2%2Fcategories&post=9063"},{"taxonomy":"post_tag","embeddable":true,"href":"https:\/\/slaskipegaz.bs.katowice.pl\/index.php?rest_route=%2Fwp%2Fv2%2Ftags&post=9063"}],"curies":[{"name":"wp","href":"https:\/\/api.w.org\/{rel}","templated":true}]}}