{"id":9165,"date":"2016-12-05T11:12:43","date_gmt":"2016-12-05T10:12:43","guid":{"rendered":"http:\/\/slaskipegaz.bs.katowice.pl\/?p=9165"},"modified":"2016-12-02T11:34:49","modified_gmt":"2016-12-02T10:34:49","slug":"zapowiedz-biblioteka-slaska-w-katowicach-37","status":"publish","type":"post","link":"https:\/\/slaskipegaz.bs.katowice.pl\/?p=9165","title":{"rendered":"[Zapowied\u017a] BIBLIOTEKA \u015aL\u0104SKA W KATOWICACH"},"content":{"rendered":"<h6 style=\"text-align: center;\">Akademia ekumeniczna i dialogu mi\u0119dzyreligijnego<\/h6>\n<p><a href=\"https:\/\/slaskipegaz.bs.katowice.pl\/wp-content\/uploads\/2016\/12\/Akademia_Ekumeniczna.jpg\" rel=\"attachment wp-att-9172\"><img loading=\"lazy\" decoding=\"async\" class=\"size-medium wp-image-9172 alignleft\" src=\"https:\/\/slaskipegaz.bs.katowice.pl\/wp-content\/uploads\/2016\/12\/Akademia_Ekumeniczna-300x187.jpg\" alt=\"plakat\" width=\"300\" height=\"187\" srcset=\"https:\/\/slaskipegaz.bs.katowice.pl\/wp-content\/uploads\/2016\/12\/Akademia_Ekumeniczna-300x187.jpg 300w, https:\/\/slaskipegaz.bs.katowice.pl\/wp-content\/uploads\/2016\/12\/Akademia_Ekumeniczna-768x480.jpg 768w, https:\/\/slaskipegaz.bs.katowice.pl\/wp-content\/uploads\/2016\/12\/Akademia_Ekumeniczna.jpg 884w\" sizes=\"auto, (max-width: 300px) 100vw, 300px\" \/><\/a>Biblioteka \u015al\u0105ska zaprasza na kolejne spotkanie z cyklu wyk\u0142ad\u00f3w, kt\u00f3rych celem jest zaznajomienie s\u0142uchaczy z Ko\u015bcio\u0142ami i wsp\u00f3lnotami chrze\u015bcija\u0144skimi na G\u00f3rnym \u015al\u0105sku. \u00a0W dniu\u00a015 grudnia 2016 r. o godz. 17.00 w<span class=\"_fbReactionComponent__eventDetailsContent fsl\">yk\u0142ad \u201eKo\u015bci\u00f3\u0142 Starokatolicki Mariawit\u00f3w i jego to\u017csamo\u015b\u0107 wyznaniowa\u201d wyg\u0142osi ks. dr Tomasz M. Daniel Mames, duchowny Ko\u015bcio\u0142a Starokatolickiego Mariawit\u00f3w, zwi\u0105zany z Chrze\u015bcija\u0144sk\u0105 Akademi\u0105 Teologiczn\u0105 w Warszawie.<br \/>\n<\/span><!--more--><\/p>\n<p><span class=\"_fbReactionComponent__eventDetailsContent fsl\">Nast\u0119pne spotkania odb\u0119d\u0105 si\u0119:<br \/>\n16 lutego, 23 marca, 20 kwietnia i 8 czerwca 2017 r.<\/span><\/p>\n<p>Przedsi\u0119wzi\u0119cie obj\u0119li patronatem: JE ks. abp Wiktor Skworc \u2013 zwierzchnik archidiecezji katowickiej Ko\u015bcio\u0142a Rzymskokatolickiego, JE ks. bp Pawe\u0142 Anweiler \u2013 zwierzchnik diecezji cieszy\u0144skiej Ko\u015bcio\u0142a Ewangelicko-Augsburskiego i\u00a0przewodnicz\u0105cy Polskiej Rady Ekumenicznej (oddzia\u0142 \u015bl\u0105ski), JE ks. bp Marian Niemiec \u2013 zwierzchnik diecezji katowickiej Ko\u015bcio\u0142a Ewangelicko-Augsburskiego.<\/p>\n<p>Wst\u0119p wolny!\u00a0Zapraszamy!<\/p>\n","protected":false},"excerpt":{"rendered":"<p>Akademia ekumeniczna i dialogu mi\u0119dzyreligijnego Biblioteka \u015al\u0105ska zaprasza na kolejne spotkanie z cyklu wyk\u0142ad\u00f3w, kt\u00f3rych celem jest zaznajomienie s\u0142uchaczy z Ko\u015bcio\u0142ami i wsp\u00f3lnotami chrze\u015bcija\u0144skimi na G\u00f3rnym \u015al\u0105sku. \u00a0W dniu\u00a015 grudnia 2016 r. o godz. 17.00 wyk\u0142ad \u201eKo\u015bci\u00f3\u0142 Starokatolicki Mariawit\u00f3w i jego to\u017csamo\u015b\u0107 wyznaniowa\u201d wyg\u0142osi ks. dr Tomasz M. Daniel Mames, duchowny Ko\u015bcio\u0142a Starokatolickiego Mariawit\u00f3w, zwi\u0105zany &hellip; <a href=\"https:\/\/slaskipegaz.bs.katowice.pl\/?p=9165\" class=\"more-link\">Czytaj dalej <span class=\"screen-reader-text\">[Zapowied\u017a] BIBLIOTEKA \u015aL\u0104SKA W KATOWICACH<\/span> <span class=\"meta-nav\">&rarr;<\/span><\/a><\/p>\n","protected":false},"author":3,"featured_media":0,"comment_status":"closed","ping_status":"closed","sticky":false,"template":"","format":"standard","meta":{"_acf_changed":false,"_exactmetrics_skip_tracking":false,"_exactmetrics_sitenote_active":false,"_exactmetrics_sitenote_note":"","_exactmetrics_sitenote_category":0,"footnotes":""},"categories":[6],"tags":[931,47],"class_list":["post-9165","post","type-post","status-publish","format-standard","hentry","category-aktualnosci","tag-akademia-ekumeniczna-i-dialog-miedzyreligijny","tag-biblioteka-slaska-w-katowicach"],"acf":[],"jetpack_featured_media_url":"","_links":{"self":[{"href":"https:\/\/slaskipegaz.bs.katowice.pl\/index.php?rest_route=\/wp\/v2\/posts\/9165","targetHints":{"allow":["GET"]}}],"collection":[{"href":"https:\/\/slaskipegaz.bs.katowice.pl\/index.php?rest_route=\/wp\/v2\/posts"}],"about":[{"href":"https:\/\/slaskipegaz.bs.katowice.pl\/index.php?rest_route=\/wp\/v2\/types\/post"}],"author":[{"embeddable":true,"href":"https:\/\/slaskipegaz.bs.katowice.pl\/index.php?rest_route=\/wp\/v2\/users\/3"}],"replies":[{"embeddable":true,"href":"https:\/\/slaskipegaz.bs.katowice.pl\/index.php?rest_route=%2Fwp%2Fv2%2Fcomments&post=9165"}],"version-history":[{"count":1,"href":"https:\/\/slaskipegaz.bs.katowice.pl\/index.php?rest_route=\/wp\/v2\/posts\/9165\/revisions"}],"predecessor-version":[{"id":9174,"href":"https:\/\/slaskipegaz.bs.katowice.pl\/index.php?rest_route=\/wp\/v2\/posts\/9165\/revisions\/9174"}],"wp:attachment":[{"href":"https:\/\/slaskipegaz.bs.katowice.pl\/index.php?rest_route=%2Fwp%2Fv2%2Fmedia&parent=9165"}],"wp:term":[{"taxonomy":"category","embeddable":true,"href":"https:\/\/slaskipegaz.bs.katowice.pl\/index.php?rest_route=%2Fwp%2Fv2%2Fcategories&post=9165"},{"taxonomy":"post_tag","embeddable":true,"href":"https:\/\/slaskipegaz.bs.katowice.pl\/index.php?rest_route=%2Fwp%2Fv2%2Ftags&post=9165"}],"curies":[{"name":"wp","href":"https:\/\/api.w.org\/{rel}","templated":true}]}}