{"id":9226,"date":"2016-12-30T09:46:20","date_gmt":"2016-12-30T08:46:20","guid":{"rendered":"http:\/\/slaskipegaz.bs.katowice.pl\/?p=9226"},"modified":"2016-12-30T09:46:20","modified_gmt":"2016-12-30T08:46:20","slug":"relacja-biblioteka-publiczna-miasta-i-gminy-w-lazach-42","status":"publish","type":"post","link":"https:\/\/slaskipegaz.bs.katowice.pl\/?p=9226","title":{"rendered":"[Relacja] BIBLIOTEKA PUBLICZNA MIASTA I GMINY W \u0141AZACH"},"content":{"rendered":"<h6 style=\"text-align: center;\">Dzie\u0144 Kolejarza w Izbie Tradycji<\/h6>\n<p><a href=\"https:\/\/slaskipegaz.bs.katowice.pl\/wp-content\/uploads\/2016\/12\/kolejarz_001.jpg\" rel=\"attachment wp-att-9227\"><img loading=\"lazy\" decoding=\"async\" class=\"size-medium wp-image-9227 alignleft\" src=\"https:\/\/slaskipegaz.bs.katowice.pl\/wp-content\/uploads\/2016\/12\/kolejarz_001-300x200.jpg\" alt=\"spotkanie\" width=\"300\" height=\"200\" srcset=\"https:\/\/slaskipegaz.bs.katowice.pl\/wp-content\/uploads\/2016\/12\/kolejarz_001-300x200.jpg 300w, https:\/\/slaskipegaz.bs.katowice.pl\/wp-content\/uploads\/2016\/12\/kolejarz_001-768x512.jpg 768w, https:\/\/slaskipegaz.bs.katowice.pl\/wp-content\/uploads\/2016\/12\/kolejarz_001.jpg 1024w\" sizes=\"auto, (max-width: 300px) 100vw, 300px\" \/><\/a>23 listopada w Izbie Tradycji odby\u0142o si\u0119 spotkanie z okazji zbli\u017caj\u0105cego si\u0119 Dnia Kolejarza (przypadaj\u0105cego na 25 listopada). Okaza\u0142o si\u0119 ono czasem wspomnie\u0144 nie tylko z okresu pracy na kolei. <!--more-->W rozmowach przewodzi\u0142y oczywi\u015bcie opowie\u015bci o przygodach z kolejarskiego \u017cycia, jego cieniach i blaskach, ale pojawia\u0142y si\u0119 tak\u017ce historie o dawnym wygl\u0105dzie miasta, kt\u00f3re t\u0119tni\u0142o \u017cyciem. Klimat dope\u0142nia\u0142a wystawa eksponat\u00f3w \u201eKolejarze w pracy i\u00a0 w domu\u201d. Podczas spotkania nast\u0105pi\u0142o r\u00f3wnie\u017c przekazanie makiety Parowozu Ty45, kt\u00f3r\u0105 wykona\u0142 pan Micha\u0142 Prusi\u0144ski. Tw\u00f3rca sp\u0119dzi\u0142 na jej budowie oko\u0142o 800 godzin.<\/p>\n<p><a href=\"https:\/\/slaskipegaz.bs.katowice.pl\/wp-content\/uploads\/2016\/12\/kolejarz_002.jpg\" rel=\"attachment wp-att-9228\"><img loading=\"lazy\" decoding=\"async\" class=\"aligncenter size-medium wp-image-9228\" src=\"https:\/\/slaskipegaz.bs.katowice.pl\/wp-content\/uploads\/2016\/12\/kolejarz_002-300x200.jpg\" alt=\"maszyna\" width=\"300\" height=\"200\" srcset=\"https:\/\/slaskipegaz.bs.katowice.pl\/wp-content\/uploads\/2016\/12\/kolejarz_002-300x200.jpg 300w, https:\/\/slaskipegaz.bs.katowice.pl\/wp-content\/uploads\/2016\/12\/kolejarz_002-768x512.jpg 768w, https:\/\/slaskipegaz.bs.katowice.pl\/wp-content\/uploads\/2016\/12\/kolejarz_002.jpg 1024w\" sizes=\"auto, (max-width: 300px) 100vw, 300px\" \/><\/a><\/p>\n<p><a href=\"https:\/\/slaskipegaz.bs.katowice.pl\/wp-content\/uploads\/2016\/12\/kolejarz_003.jpg\" rel=\"attachment wp-att-9229\"><img loading=\"lazy\" decoding=\"async\" class=\"aligncenter size-medium wp-image-9229\" src=\"https:\/\/slaskipegaz.bs.katowice.pl\/wp-content\/uploads\/2016\/12\/kolejarz_003-300x200.jpg\" alt=\"spotkanie\" width=\"300\" height=\"200\" srcset=\"https:\/\/slaskipegaz.bs.katowice.pl\/wp-content\/uploads\/2016\/12\/kolejarz_003-300x200.jpg 300w, https:\/\/slaskipegaz.bs.katowice.pl\/wp-content\/uploads\/2016\/12\/kolejarz_003-768x512.jpg 768w, https:\/\/slaskipegaz.bs.katowice.pl\/wp-content\/uploads\/2016\/12\/kolejarz_003.jpg 1024w\" sizes=\"auto, (max-width: 300px) 100vw, 300px\" \/><\/a><\/p>\n<p>Nades\u0142a\u0142a: Biblioteka Publiczna Miasta i Gminy w \u0141azach<\/p>\n","protected":false},"excerpt":{"rendered":"<p>Dzie\u0144 Kolejarza w Izbie Tradycji 23 listopada w Izbie Tradycji odby\u0142o si\u0119 spotkanie z okazji zbli\u017caj\u0105cego si\u0119 Dnia Kolejarza (przypadaj\u0105cego na 25 listopada). Okaza\u0142o si\u0119 ono czasem wspomnie\u0144 nie tylko z okresu pracy na kolei.<\/p>\n","protected":false},"author":3,"featured_media":9227,"comment_status":"closed","ping_status":"closed","sticky":false,"template":"","format":"standard","meta":{"_acf_changed":false,"_exactmetrics_skip_tracking":false,"_exactmetrics_sitenote_active":false,"_exactmetrics_sitenote_note":"","_exactmetrics_sitenote_category":0,"footnotes":""},"categories":[934],"tags":[40,938,716,24],"class_list":["post-9226","post","type-post","status-publish","format-standard","has-post-thumbnail","hentry","category-nr-28-styczen-2017","tag-biblioteka-publiczna-miasta-i-gminy-w-lazach","tag-dzien-kolejarza-w-lazach","tag-izba-tradycji-w-lazach","tag-wystawa"],"acf":[],"jetpack_featured_media_url":"https:\/\/slaskipegaz.bs.katowice.pl\/wp-content\/uploads\/2016\/12\/kolejarz_001.jpg","_links":{"self":[{"href":"https:\/\/slaskipegaz.bs.katowice.pl\/index.php?rest_route=\/wp\/v2\/posts\/9226","targetHints":{"allow":["GET"]}}],"collection":[{"href":"https:\/\/slaskipegaz.bs.katowice.pl\/index.php?rest_route=\/wp\/v2\/posts"}],"about":[{"href":"https:\/\/slaskipegaz.bs.katowice.pl\/index.php?rest_route=\/wp\/v2\/types\/post"}],"author":[{"embeddable":true,"href":"https:\/\/slaskipegaz.bs.katowice.pl\/index.php?rest_route=\/wp\/v2\/users\/3"}],"replies":[{"embeddable":true,"href":"https:\/\/slaskipegaz.bs.katowice.pl\/index.php?rest_route=%2Fwp%2Fv2%2Fcomments&post=9226"}],"version-history":[{"count":1,"href":"https:\/\/slaskipegaz.bs.katowice.pl\/index.php?rest_route=\/wp\/v2\/posts\/9226\/revisions"}],"predecessor-version":[{"id":9230,"href":"https:\/\/slaskipegaz.bs.katowice.pl\/index.php?rest_route=\/wp\/v2\/posts\/9226\/revisions\/9230"}],"wp:featuredmedia":[{"embeddable":true,"href":"https:\/\/slaskipegaz.bs.katowice.pl\/index.php?rest_route=\/wp\/v2\/media\/9227"}],"wp:attachment":[{"href":"https:\/\/slaskipegaz.bs.katowice.pl\/index.php?rest_route=%2Fwp%2Fv2%2Fmedia&parent=9226"}],"wp:term":[{"taxonomy":"category","embeddable":true,"href":"https:\/\/slaskipegaz.bs.katowice.pl\/index.php?rest_route=%2Fwp%2Fv2%2Fcategories&post=9226"},{"taxonomy":"post_tag","embeddable":true,"href":"https:\/\/slaskipegaz.bs.katowice.pl\/index.php?rest_route=%2Fwp%2Fv2%2Ftags&post=9226"}],"curies":[{"name":"wp","href":"https:\/\/api.w.org\/{rel}","templated":true}]}}