{"id":9231,"date":"2017-01-02T10:52:29","date_gmt":"2017-01-02T09:52:29","guid":{"rendered":"http:\/\/slaskipegaz.bs.katowice.pl\/?p=9231"},"modified":"2017-01-03T13:11:23","modified_gmt":"2017-01-03T12:11:23","slug":"relacja-biblioteka-publiczna-miasta-i-gminy-w-lazach-43","status":"publish","type":"post","link":"https:\/\/slaskipegaz.bs.katowice.pl\/?p=9231","title":{"rendered":"[Relacja] BIBLIOTEKA PUBLICZNA MIASTA I GMINY W \u0141AZACH"},"content":{"rendered":"<h6 style=\"text-align: center;\">Mali Europejczycy w bibliotece<\/h6>\n<p><a href=\"https:\/\/slaskipegaz.bs.katowice.pl\/wp-content\/uploads\/2016\/12\/europejczycy.jpg\" rel=\"attachment wp-att-9232\"><img loading=\"lazy\" decoding=\"async\" class=\"size-medium wp-image-9232 alignleft\" src=\"https:\/\/slaskipegaz.bs.katowice.pl\/wp-content\/uploads\/2016\/12\/europejczycy-300x200.jpg\" alt=\"zaj\u0119cia\" width=\"300\" height=\"200\" srcset=\"https:\/\/slaskipegaz.bs.katowice.pl\/wp-content\/uploads\/2016\/12\/europejczycy-300x200.jpg 300w, https:\/\/slaskipegaz.bs.katowice.pl\/wp-content\/uploads\/2016\/12\/europejczycy-768x512.jpg 768w, https:\/\/slaskipegaz.bs.katowice.pl\/wp-content\/uploads\/2016\/12\/europejczycy.jpg 1024w\" sizes=\"auto, (max-width: 300px) 100vw, 300px\" \/><\/a>23 listopada 2016 r. w Bibliotece Publicznej Miasta i Gminy w \u0141azach odby\u0142y si\u0119 zaj\u0119cia \u201eJestem Polakiem \u2013 Jestem Europejczykiem\u201d, po\u015bwi\u0119cone Unii Europejskiej. Wzi\u0119\u0142y w nich udzia\u0142 dwie grupy z Publicznego Przedszkola nr 1 im. Jana Brzechwy w \u0141azach: \u201e\u015apiewaj\u0105ce krasnale\u201d i \u201ePracowite mr\u00f3weczki\u201d.<!--more--><strong><br \/>\n<\/strong>W ramach wprowadzenia dzieci obejrza\u0142y prezentacj\u0119 \u201eUnia Europejska \u2013 zjednoczeni w r\u00f3\u017cnorodno\u015bci\u201d, poznaj\u0105c najwa\u017cniejsze symbole Unii i przypominaj\u0105c sobie najs\u0142ynniejszych bohater\u00f3w europejskich bajek. Po cz\u0119\u015bci edukacyjnej przedszkolaki zaprezentowa\u0142y bibliotekarzom wcze\u015bniej przygotowane piosenki. Nast\u0119pnie wzi\u0119\u0142y udzia\u0142 w zabawach: niemieckim \u201eSlalomie nosk\u00f3w\u201d i francuskich \u201eUciekaj\u0105cych rybkach\u201d. Odgad\u0142y tak\u017ce wiele zagadek i pokolorowa\u0142y Syriusza \u2013 maskotk\u0119 Unii Europejskiej.<\/p>\n<p><a href=\"https:\/\/slaskipegaz.bs.katowice.pl\/wp-content\/uploads\/2016\/12\/europejczycy_001.jpg\" rel=\"attachment wp-att-9233\"><img loading=\"lazy\" decoding=\"async\" class=\"aligncenter size-medium wp-image-9233\" src=\"https:\/\/slaskipegaz.bs.katowice.pl\/wp-content\/uploads\/2016\/12\/europejczycy_001-300x200.jpg\" alt=\"uczniowie\" width=\"300\" height=\"200\" srcset=\"https:\/\/slaskipegaz.bs.katowice.pl\/wp-content\/uploads\/2016\/12\/europejczycy_001-300x200.jpg 300w, https:\/\/slaskipegaz.bs.katowice.pl\/wp-content\/uploads\/2016\/12\/europejczycy_001-768x512.jpg 768w, https:\/\/slaskipegaz.bs.katowice.pl\/wp-content\/uploads\/2016\/12\/europejczycy_001.jpg 1024w\" sizes=\"auto, (max-width: 300px) 100vw, 300px\" \/><\/a><\/p>\n<p>Nades\u0142a\u0142a: Biblioteka Publiczna Miasta i Gminy w \u0141azach<\/p>\n","protected":false},"excerpt":{"rendered":"<p>Mali Europejczycy w bibliotece 23 listopada 2016 r. w Bibliotece Publicznej Miasta i Gminy w \u0141azach odby\u0142y si\u0119 zaj\u0119cia \u201eJestem Polakiem \u2013 Jestem Europejczykiem\u201d, po\u015bwi\u0119cone Unii Europejskiej. Wzi\u0119\u0142y w nich udzia\u0142 dwie grupy z Publicznego Przedszkola nr 1 im. Jana Brzechwy w \u0141azach: \u201e\u015apiewaj\u0105ce krasnale\u201d i \u201ePracowite mr\u00f3weczki\u201d.<\/p>\n","protected":false},"author":3,"featured_media":9233,"comment_status":"closed","ping_status":"closed","sticky":false,"template":"","format":"standard","meta":{"_acf_changed":false,"_exactmetrics_skip_tracking":false,"_exactmetrics_sitenote_active":false,"_exactmetrics_sitenote_note":"","_exactmetrics_sitenote_category":0,"footnotes":""},"categories":[934],"tags":[40,939],"class_list":["post-9231","post","type-post","status-publish","format-standard","has-post-thumbnail","hentry","category-nr-28-styczen-2017","tag-biblioteka-publiczna-miasta-i-gminy-w-lazach","tag-edukacja-europejska"],"acf":[],"jetpack_featured_media_url":"https:\/\/slaskipegaz.bs.katowice.pl\/wp-content\/uploads\/2016\/12\/europejczycy_001.jpg","_links":{"self":[{"href":"https:\/\/slaskipegaz.bs.katowice.pl\/index.php?rest_route=\/wp\/v2\/posts\/9231","targetHints":{"allow":["GET"]}}],"collection":[{"href":"https:\/\/slaskipegaz.bs.katowice.pl\/index.php?rest_route=\/wp\/v2\/posts"}],"about":[{"href":"https:\/\/slaskipegaz.bs.katowice.pl\/index.php?rest_route=\/wp\/v2\/types\/post"}],"author":[{"embeddable":true,"href":"https:\/\/slaskipegaz.bs.katowice.pl\/index.php?rest_route=\/wp\/v2\/users\/3"}],"replies":[{"embeddable":true,"href":"https:\/\/slaskipegaz.bs.katowice.pl\/index.php?rest_route=%2Fwp%2Fv2%2Fcomments&post=9231"}],"version-history":[{"count":1,"href":"https:\/\/slaskipegaz.bs.katowice.pl\/index.php?rest_route=\/wp\/v2\/posts\/9231\/revisions"}],"predecessor-version":[{"id":9235,"href":"https:\/\/slaskipegaz.bs.katowice.pl\/index.php?rest_route=\/wp\/v2\/posts\/9231\/revisions\/9235"}],"wp:featuredmedia":[{"embeddable":true,"href":"https:\/\/slaskipegaz.bs.katowice.pl\/index.php?rest_route=\/wp\/v2\/media\/9233"}],"wp:attachment":[{"href":"https:\/\/slaskipegaz.bs.katowice.pl\/index.php?rest_route=%2Fwp%2Fv2%2Fmedia&parent=9231"}],"wp:term":[{"taxonomy":"category","embeddable":true,"href":"https:\/\/slaskipegaz.bs.katowice.pl\/index.php?rest_route=%2Fwp%2Fv2%2Fcategories&post=9231"},{"taxonomy":"post_tag","embeddable":true,"href":"https:\/\/slaskipegaz.bs.katowice.pl\/index.php?rest_route=%2Fwp%2Fv2%2Ftags&post=9231"}],"curies":[{"name":"wp","href":"https:\/\/api.w.org\/{rel}","templated":true}]}}