{"id":9277,"date":"2017-01-04T13:18:15","date_gmt":"2017-01-04T12:18:15","guid":{"rendered":"http:\/\/slaskipegaz.bs.katowice.pl\/?p=9277"},"modified":"2017-01-04T13:18:15","modified_gmt":"2017-01-04T12:18:15","slug":"relacja-ksiaznica-beskidzka-w-bielsku-bialej-34","status":"publish","type":"post","link":"https:\/\/slaskipegaz.bs.katowice.pl\/?p=9277","title":{"rendered":"[Relacja] KSI\u0104\u017bNICA BESKIDZKA W BIELSKU-BIA\u0141EJ"},"content":{"rendered":"<h6 style=\"text-align: center;\">Konferencja\u00a0<em>Sztuka czytania<\/em><\/h6>\n<p><a href=\"https:\/\/slaskipegaz.bs.katowice.pl\/wp-content\/uploads\/2017\/01\/DSC_0013.jpg\" rel=\"attachment wp-att-9278\"><img loading=\"lazy\" decoding=\"async\" class=\"size-medium wp-image-9278 alignleft\" src=\"https:\/\/slaskipegaz.bs.katowice.pl\/wp-content\/uploads\/2017\/01\/DSC_0013-300x199.jpg\" alt=\"spotkanie\" width=\"300\" height=\"199\" srcset=\"https:\/\/slaskipegaz.bs.katowice.pl\/wp-content\/uploads\/2017\/01\/DSC_0013-300x199.jpg 300w, https:\/\/slaskipegaz.bs.katowice.pl\/wp-content\/uploads\/2017\/01\/DSC_0013-768x508.jpg 768w, https:\/\/slaskipegaz.bs.katowice.pl\/wp-content\/uploads\/2017\/01\/DSC_0013-1024x678.jpg 1024w, https:\/\/slaskipegaz.bs.katowice.pl\/wp-content\/uploads\/2017\/01\/DSC_0013.jpg 1280w\" sizes=\"auto, (max-width: 300px) 100vw, 300px\" \/><\/a>8 grudnia 2016 roku w Ksi\u0105\u017cnicy Beskidzkiej odby\u0142a si\u0119 konferencja zatytu\u0142owana \u201cSztuka czytania\u201d. Sympozjum skierowane by\u0142o przede wszystkim do bibliotekarzy, nauczycieli i ksi\u0119garzy, a wi\u0119c os\u00f3b, kt\u00f3re na co dzie\u0144 zajmuj\u0105 si\u0119 ksi\u0105\u017ckami, a kondycja w jakiej znajduje si\u0119 czytelnictwo jest dla nich istotna.<!--more--><\/p>\n<p>Konferencja by\u0142a wsp\u00f3lnym przedsi\u0119wzi\u0119ciem Ksi\u0105\u017cnicy Beskidzkiej i bielskiej Akademii Techniczno\u2013Humanistycznej.<\/p>\n<p>Spotkanie rozpocz\u0119\u0142a rozmowa prof. dr hab. Marka Bernackiego z prof. dr hab. Miros\u0142awem Dzieniem. Miros\u0142aw Dzie\u0144 jest nie tylko wyk\u0142adowc\u0105 bielskiej ATH, ale tak\u017ce cenionym i nagradzanym poet\u0105. Temat rozmowy \u201cJak poeta czyta rzeczy ostateczne\u201d, nie zosta\u0142 przypadkowo wybrany. Niedawno ukaza\u0142 si\u0119 bowiem najnowszy tomik wierszy Dzienia pt. \u201cNovum Passione\u201d, traktuj\u0105cy o sprawach ostatecznych, o tym, z czym pr\u0119dzej czy p\u00f3\u017aniej musi zmierzy\u0107 si\u0119 ka\u017cdy z nas.<\/p>\n<p>\u201cNovum Passione\u201d to polifoniczny traktat o mo\u017cliwo\u015bciach odkupienia we wsp\u00f3\u0142czesnym \u015bwiecie. Jest rodzajem wyzwania rzuconego desakralizacji, bowiem, jak m\u00f3wi\u0142 Dzie\u0144, wsp\u00f3\u0142czesna kultura omija sprawy ostateczne, a nawet z nich drwi. A przecie\u017c tematy te s\u0105 wa\u017cne, jednak nikt nie chce ich porusza\u0107. Pojawia si\u0119 pytanie, kto powienien o nich m\u00f3wi\u0107? I w jaki spos\u00f3b? To poeci mog\u0105 i powinni pisa\u0107 o rzeczach ostatecznych, spychanych przez wsp\u00f3\u0142czesn\u0105 kultur\u0119 gdzie\u015b na margines \u017cycia. Posiadaj\u0105 bowiem narz\u0119dzia, kt\u00f3re pozwalaj\u0105 bardziej lub mniej metaforycznie m\u00f3wi\u0107 o tym, co wa\u017cne, a tak cz\u0119sto pomijane. J\u0119zyk poezji stworzony jest do rozwa\u017ca\u0144 eschatologicznych. A o sprawach ostatecznych przypominaj\u0105 nam w\u0142a\u015bnie poeci. Robi\u0142 to Mi\u0142osz, robi to r\u00f3wnie\u017c Miros\u0142aw Dzie\u0144. Odniesienie do Mi\u0142osza nie jest przypadkowe, poniewa\u017c Noblista jest dla Dzienia wzorem poety, kt\u00f3rego talent i umiej\u0119tno\u015b\u0107 m\u00f3wienia o sprawach ostatecznych jest niepodwa\u017calna.<\/p>\n<p><a href=\"https:\/\/slaskipegaz.bs.katowice.pl\/wp-content\/uploads\/2017\/01\/DSC_0033.jpg\" rel=\"attachment wp-att-9279\"><img loading=\"lazy\" decoding=\"async\" class=\"aligncenter size-medium wp-image-9279\" src=\"https:\/\/slaskipegaz.bs.katowice.pl\/wp-content\/uploads\/2017\/01\/DSC_0033-300x199.jpg\" alt=\"autor\" width=\"300\" height=\"199\" srcset=\"https:\/\/slaskipegaz.bs.katowice.pl\/wp-content\/uploads\/2017\/01\/DSC_0033-300x199.jpg 300w, https:\/\/slaskipegaz.bs.katowice.pl\/wp-content\/uploads\/2017\/01\/DSC_0033-768x508.jpg 768w, https:\/\/slaskipegaz.bs.katowice.pl\/wp-content\/uploads\/2017\/01\/DSC_0033-1024x678.jpg 1024w, https:\/\/slaskipegaz.bs.katowice.pl\/wp-content\/uploads\/2017\/01\/DSC_0033.jpg 1280w\" sizes=\"auto, (max-width: 300px) 100vw, 300px\" \/><\/a><\/p>\n<p>Kolejny wyk\u0142ad przeni\u00f3s\u0142 s\u0142uchaczy z rozwa\u017ca\u0144 metafizycznych w \u015bwiat wirtualny. Doktor Tomasz Bielak m\u00f3wi\u0142 o literaturze i nowych mediach. Mo\u017ce si\u0119 wydawa\u0107, \u017ce s\u0105 to kwestie zupe\u0142nie przeciwstawne: z jednej strony literatura, kt\u00f3ra dla wi\u0119kszo\u015bci z nas wi\u0105\u017ce si\u0119 z ksi\u0105\u017ck\u0105, najlepiej papierow\u0105, z drugiej \u2013 media, a wi\u0119c ca\u0142y wirtualny \u015bwiat. A przecie\u017c czytelnictwo we wsp\u00f3\u0142czesnym skomputeryzowanym \u015bwiecie nie ogranicza si\u0119 tylko do papierowej ksia\u017cki. Konserwaty\u015bci zapominaj\u0105 lub po prostu nie chc\u0105 pamieta\u0107 o tym, \u017ce dzisiejszy zdygitalizowany \u015bwiat oferuje czytelnikowi wiele alternatywnych mo\u017cliwo\u015bci zapoznania si\u0119 z lektur\u0105, do kt\u00f3rych nale\u017c\u0105 cho\u0107by popularne e-booki czy audiobooki. Czy osoby korzystaj\u0105ce z tych nowoczesnych metod czytania s\u0105 gorszymi czytelnikami? Czy to, \u017ce kto\u015b nie korzysta z tradycyjnych ksi\u0105\u017cek oznacza, \u017ce nie czyta w og\u00f3le?<\/p>\n<p>Tomasz Bielak na wybranych przyk\u0142adach zaczerpni\u0119tych z internetu, pokaza\u0142, jak \u0142atwo jest manipulowa\u0107 czytelnikiem przy pomocy zgrabnie sformu\u0142owanego tytu\u0142u prasowego, daj\u0105c tym samym do my\u015blenia ile z informacji, kt\u00f3re do nas docieraj\u0105 to prawada, a na ile manipulacja, maj\u0105ca na celu wywo\u0142anie okre\u015blonych reakcji i postaw.<\/p>\n<p><a href=\"https:\/\/slaskipegaz.bs.katowice.pl\/wp-content\/uploads\/2017\/01\/DSC_0041.jpg\" rel=\"attachment wp-att-9280\"><img loading=\"lazy\" decoding=\"async\" class=\"aligncenter size-medium wp-image-9280\" src=\"https:\/\/slaskipegaz.bs.katowice.pl\/wp-content\/uploads\/2017\/01\/DSC_0041-300x199.jpg\" alt=\"autor\" width=\"300\" height=\"199\" srcset=\"https:\/\/slaskipegaz.bs.katowice.pl\/wp-content\/uploads\/2017\/01\/DSC_0041-300x199.jpg 300w, https:\/\/slaskipegaz.bs.katowice.pl\/wp-content\/uploads\/2017\/01\/DSC_0041-768x508.jpg 768w, https:\/\/slaskipegaz.bs.katowice.pl\/wp-content\/uploads\/2017\/01\/DSC_0041-1024x678.jpg 1024w, https:\/\/slaskipegaz.bs.katowice.pl\/wp-content\/uploads\/2017\/01\/DSC_0041.jpg 1280w\" sizes=\"auto, (max-width: 300px) 100vw, 300px\" \/><\/a><\/p>\n<p>W kolejnym wyk\u0142adzie o sztuce czytania na przyk\u0142adzie najnowszej ksi\u0105\u017cki Magdaleny Grzeba\u0142kowskiej pt. \u201c1945. Wojna i pok\u00f3j\u201d, m\u00f3wi\u0142a prof.\u00a0 zw. dr hab. Anna W\u0119grzyniak. Jak sama przyzna\u0142a, ksi\u0105\u017cka Grzeba\u0142kowskiej, dotycz\u0105ca wydarze\u0144 tu\u017c po zako\u0144czeniu II wojny \u015bwiatowej, zrobi\u0142a na niej ogromne wra\u017cenie. S\u0105 to bowiem zebrane historie zwyk\u0142ych ludzi, dla kt\u00f3rych wojna nie sko\u0144czy\u0142a si\u0119 wraz z podpisaniem traktat\u00f3w pokojowych. Ludzie ci, rzucani przez histori\u0119 z jednego miejsca na drugie, musieli ci\u0105gle walczy\u0107 o byt. Grzeba\u0142kowska oddaje g\u0142os tym, kt\u00f3rzy ocaleli i w zniszczonym kraju pr\u00f3bowali znale\u017a\u0107 swoje miejsce. I niewa\u017cne czy byli to uczciwi ludzie, czy szabrownicy, dla kt\u00f3rych pozostawiony przez uciekajacych Niemc\u00f3w maj\u0105tki by\u0142 \u0142akomym k\u0105skiem. Ka\u017cda historia jest wa\u017cna.<\/p>\n<p><a href=\"https:\/\/slaskipegaz.bs.katowice.pl\/wp-content\/uploads\/2017\/01\/DSC_0022.jpg\" rel=\"attachment wp-att-9282\"><img loading=\"lazy\" decoding=\"async\" class=\"aligncenter size-medium wp-image-9282\" src=\"https:\/\/slaskipegaz.bs.katowice.pl\/wp-content\/uploads\/2017\/01\/DSC_0022-300x199.jpg\" alt=\"uczestnicy\" width=\"300\" height=\"199\" srcset=\"https:\/\/slaskipegaz.bs.katowice.pl\/wp-content\/uploads\/2017\/01\/DSC_0022-300x199.jpg 300w, https:\/\/slaskipegaz.bs.katowice.pl\/wp-content\/uploads\/2017\/01\/DSC_0022-768x508.jpg 768w, https:\/\/slaskipegaz.bs.katowice.pl\/wp-content\/uploads\/2017\/01\/DSC_0022-1024x678.jpg 1024w, https:\/\/slaskipegaz.bs.katowice.pl\/wp-content\/uploads\/2017\/01\/DSC_0022.jpg 1280w\" sizes=\"auto, (max-width: 300px) 100vw, 300px\" \/><\/a><\/p>\n<p>Konferencj\u0119 zako\u0144czy\u0142 wyk\u0142ad dr hab. Micha\u0142a Kopczyka pt. \u201cK\u0142opoty z kanonem\u201d. Temat bardzo aktualny wywo\u0142a\u0142 burzliw\u0105 dyskusj\u0119 w\u015br\u00f3d uczestnicz\u0105cych w konferencji nauczycieli bielskich szk\u00f3\u0142. Na fali obecnych zmian, pojawia si\u0119 pytanie czym jest kanon lektur i co powinno si\u0119 w nim znale\u017a\u0107. Czy m\u0142odych ludzi, uczni\u00f3w szk\u00f3\u0142 podstawowych czy ponadpodstawowych mog\u0105 zainteresowa\u0107 lektury czytane przez ich rodzic\u00f3w, a nawet dziadk\u00f3w? Czy kanon powinien ulec zmianie, ewoluowa\u0107, i\u015b\u0107 z duchem czas\u00f3w, czy raczej pozosta\u0107 taki, jak by\u0142 dotychczas? Kto powinien tworzy\u0107 kanon: nauczyciele, a mo\u017ce sami uczniowie? Konkluzja p\u0142yn\u0105ca z dyskusji by\u0142a jedna: kanon lektur powinien istnie\u0107, ale nale\u017ca\u0142oby go zmodyfikowa\u0107, doda\u0107 ksi\u0105\u017cki wsp\u00f3\u0142czesne. Znajomo\u015b\u0107 tw\u00f3rczo\u015bci klasyk\u00f3w jest istotna, tworzy to\u017csamo\u015b\u0107 kulturow\u0105, daje oparcie. M\u0142odzi ludzie powinni jednak mie\u0107 mo\u017cliwo\u015b\u0107 zapoznania si\u0119 z tekstami wsp\u00f3\u0142czesnymi, r\u00f3wnie istotnymi i warto\u015bciowymi jak te klasyczne.<\/p>\n<p>Konferencja \u201cSztuka czytania\u201d by\u0142a ostatnim spotkaniem w ramach Literackiego HydeParku. Zapomnij si\u0119 w lekturze dofinansowanego ze \u015brodk\u00f3w Ministerstwa Kultury i Dziedzictwa Narodowego w ramach Programu Promocji literatury i czytelnictwa Priorytetu Promocja czytelnictwa oraz Narodowego Programu Rozwoju Czytelnictwa.<\/p>\n<p>Nades\u0142a\u0142a: Ksi\u0105\u017cnica Beskidzka w Bielsku-Bia\u0142ej<\/p>\n","protected":false},"excerpt":{"rendered":"<p>Konferencja\u00a0Sztuka czytania 8 grudnia 2016 roku w Ksi\u0105\u017cnicy Beskidzkiej odby\u0142a si\u0119 konferencja zatytu\u0142owana \u201cSztuka czytania\u201d. Sympozjum skierowane by\u0142o przede wszystkim do bibliotekarzy, nauczycieli i ksi\u0119garzy, a wi\u0119c os\u00f3b, kt\u00f3re na co dzie\u0144 zajmuj\u0105 si\u0119 ksi\u0105\u017ckami, a kondycja w jakiej znajduje si\u0119 czytelnictwo jest dla nich istotna.<\/p>\n","protected":false},"author":3,"featured_media":9278,"comment_status":"closed","ping_status":"closed","sticky":false,"template":"","format":"standard","meta":{"_acf_changed":false,"_exactmetrics_skip_tracking":false,"_exactmetrics_sitenote_active":false,"_exactmetrics_sitenote_note":"","_exactmetrics_sitenote_category":0,"footnotes":""},"categories":[934],"tags":[83,943],"class_list":["post-9277","post","type-post","status-publish","format-standard","has-post-thumbnail","hentry","category-nr-28-styczen-2017","tag-ksiaznica-beskidzka","tag-sztuka-czytania"],"acf":[],"jetpack_featured_media_url":"https:\/\/slaskipegaz.bs.katowice.pl\/wp-content\/uploads\/2017\/01\/DSC_0013.jpg","_links":{"self":[{"href":"https:\/\/slaskipegaz.bs.katowice.pl\/index.php?rest_route=\/wp\/v2\/posts\/9277","targetHints":{"allow":["GET"]}}],"collection":[{"href":"https:\/\/slaskipegaz.bs.katowice.pl\/index.php?rest_route=\/wp\/v2\/posts"}],"about":[{"href":"https:\/\/slaskipegaz.bs.katowice.pl\/index.php?rest_route=\/wp\/v2\/types\/post"}],"author":[{"embeddable":true,"href":"https:\/\/slaskipegaz.bs.katowice.pl\/index.php?rest_route=\/wp\/v2\/users\/3"}],"replies":[{"embeddable":true,"href":"https:\/\/slaskipegaz.bs.katowice.pl\/index.php?rest_route=%2Fwp%2Fv2%2Fcomments&post=9277"}],"version-history":[{"count":1,"href":"https:\/\/slaskipegaz.bs.katowice.pl\/index.php?rest_route=\/wp\/v2\/posts\/9277\/revisions"}],"predecessor-version":[{"id":9283,"href":"https:\/\/slaskipegaz.bs.katowice.pl\/index.php?rest_route=\/wp\/v2\/posts\/9277\/revisions\/9283"}],"wp:featuredmedia":[{"embeddable":true,"href":"https:\/\/slaskipegaz.bs.katowice.pl\/index.php?rest_route=\/wp\/v2\/media\/9278"}],"wp:attachment":[{"href":"https:\/\/slaskipegaz.bs.katowice.pl\/index.php?rest_route=%2Fwp%2Fv2%2Fmedia&parent=9277"}],"wp:term":[{"taxonomy":"category","embeddable":true,"href":"https:\/\/slaskipegaz.bs.katowice.pl\/index.php?rest_route=%2Fwp%2Fv2%2Fcategories&post=9277"},{"taxonomy":"post_tag","embeddable":true,"href":"https:\/\/slaskipegaz.bs.katowice.pl\/index.php?rest_route=%2Fwp%2Fv2%2Ftags&post=9277"}],"curies":[{"name":"wp","href":"https:\/\/api.w.org\/{rel}","templated":true}]}}