{"id":9324,"date":"2017-01-05T12:18:53","date_gmt":"2017-01-05T11:18:53","guid":{"rendered":"http:\/\/slaskipegaz.bs.katowice.pl\/?p=9324"},"modified":"2017-01-05T12:18:53","modified_gmt":"2017-01-05T11:18:53","slug":"zapowiedz-miejska-biblioteka-publiczna-w-siemianowicach-slaskich-42","status":"publish","type":"post","link":"https:\/\/slaskipegaz.bs.katowice.pl\/?p=9324","title":{"rendered":"[Zapowied\u017a] MIEJSKA BIBLIOTEKA PUBLICZNA W SIEMIANOWICACH \u015aL\u0104SKICH"},"content":{"rendered":"<p><a href=\"https:\/\/slaskipegaz.bs.katowice.pl\/wp-content\/uploads\/2017\/01\/1.jpg\" rel=\"attachment wp-att-9325\"><img loading=\"lazy\" decoding=\"async\" class=\"alignleft size-medium wp-image-9325\" src=\"https:\/\/slaskipegaz.bs.katowice.pl\/wp-content\/uploads\/2017\/01\/1-212x300.jpg\" alt=\"Siemianowice \u015al\u0105skie\" width=\"212\" height=\"300\" srcset=\"https:\/\/slaskipegaz.bs.katowice.pl\/wp-content\/uploads\/2017\/01\/1-212x300.jpg 212w, https:\/\/slaskipegaz.bs.katowice.pl\/wp-content\/uploads\/2017\/01\/1-768x1086.jpg 768w, https:\/\/slaskipegaz.bs.katowice.pl\/wp-content\/uploads\/2017\/01\/1-724x1024.jpg 724w, https:\/\/slaskipegaz.bs.katowice.pl\/wp-content\/uploads\/2017\/01\/1.jpg 1588w\" sizes=\"auto, (max-width: 212px) 100vw, 212px\" \/><\/a><strong>Siemianowice, kerych niy znocie<\/strong><\/p>\n<p>Miejska Biblioteka Publiczna serdecznie zaprasza na spotkanie z panem Stefanem Maruszczykiem, siemianowiczaninem, autorem ksi\u0105\u017cki \u201eSiemianowice, kerych niy znocie\u201d. Pozycja ta to wspomnienia wydane przez Urz\u0105d Miasta Siemianowice \u015al. Jak sam autor pisze we wst\u0119pie \u201e\u2026pochylcie cho\u0107 na chwil\u0119 Wasze czo\u0142a, aby uczci\u0107 pami\u0119\u0107 tych starych wspania\u0142ych ludzi. Tw\u00f3rc\u00f3w naszej to\u017csamo\u015bci, tw\u00f3rc\u00f3w wszystkiego, co po nich odziedziczyli\u015bmy: kultur\u0119, przemys\u0142 i architektur\u0119.\u201d Jest to zapis wspomnie\u0144 o naszym mie\u015bcie, kt\u00f3re ju\u017c tak nie wygl\u0105da, a kt\u00f3re pan Stefan chce ocali\u0107 od zapomnienia. Wszystkich, kt\u00f3rzy chc\u0105 pos\u0142ucha\u0107 o Siemianowicach, kerych niy znocie, zapraszamy 11 stycznia 2017 r. do Biblioteki Centralnej przy al. Sportowc\u00f3w 3 na godzin\u0119 17.00. Spotkanie poprowadzi Jan Litwi\u0144ski.<\/p>\n<p>Anna Leszczak<\/p>\n","protected":false},"excerpt":{"rendered":"<p>Siemianowice, kerych niy znocie Miejska Biblioteka Publiczna serdecznie zaprasza na spotkanie z panem Stefanem Maruszczykiem, siemianowiczaninem, autorem ksi\u0105\u017cki \u201eSiemianowice, kerych niy znocie\u201d. Pozycja ta to wspomnienia wydane przez Urz\u0105d Miasta Siemianowice \u015al. Jak sam autor pisze we wst\u0119pie \u201e\u2026pochylcie cho\u0107 na chwil\u0119 Wasze czo\u0142a, aby uczci\u0107 pami\u0119\u0107 tych starych wspania\u0142ych ludzi. Tw\u00f3rc\u00f3w naszej to\u017csamo\u015bci, tw\u00f3rc\u00f3w &hellip; <a href=\"https:\/\/slaskipegaz.bs.katowice.pl\/?p=9324\" class=\"more-link\">Czytaj dalej <span class=\"screen-reader-text\">[Zapowied\u017a] MIEJSKA BIBLIOTEKA PUBLICZNA W SIEMIANOWICACH \u015aL\u0104SKICH<\/span> <span class=\"meta-nav\">&rarr;<\/span><\/a><\/p>\n","protected":false},"author":2,"featured_media":0,"comment_status":"closed","ping_status":"closed","sticky":false,"template":"","format":"standard","meta":{"_acf_changed":false,"_exactmetrics_skip_tracking":false,"_exactmetrics_sitenote_active":false,"_exactmetrics_sitenote_note":"","_exactmetrics_sitenote_category":0,"footnotes":""},"categories":[6],"tags":[23,11],"class_list":["post-9324","post","type-post","status-publish","format-standard","hentry","category-aktualnosci","tag-miejska-biblioteka-publiczna-w-siemianowicach-slaskich","tag-spotkanie-autorskie"],"acf":[],"jetpack_featured_media_url":"","_links":{"self":[{"href":"https:\/\/slaskipegaz.bs.katowice.pl\/index.php?rest_route=\/wp\/v2\/posts\/9324","targetHints":{"allow":["GET"]}}],"collection":[{"href":"https:\/\/slaskipegaz.bs.katowice.pl\/index.php?rest_route=\/wp\/v2\/posts"}],"about":[{"href":"https:\/\/slaskipegaz.bs.katowice.pl\/index.php?rest_route=\/wp\/v2\/types\/post"}],"author":[{"embeddable":true,"href":"https:\/\/slaskipegaz.bs.katowice.pl\/index.php?rest_route=\/wp\/v2\/users\/2"}],"replies":[{"embeddable":true,"href":"https:\/\/slaskipegaz.bs.katowice.pl\/index.php?rest_route=%2Fwp%2Fv2%2Fcomments&post=9324"}],"version-history":[{"count":1,"href":"https:\/\/slaskipegaz.bs.katowice.pl\/index.php?rest_route=\/wp\/v2\/posts\/9324\/revisions"}],"predecessor-version":[{"id":9326,"href":"https:\/\/slaskipegaz.bs.katowice.pl\/index.php?rest_route=\/wp\/v2\/posts\/9324\/revisions\/9326"}],"wp:attachment":[{"href":"https:\/\/slaskipegaz.bs.katowice.pl\/index.php?rest_route=%2Fwp%2Fv2%2Fmedia&parent=9324"}],"wp:term":[{"taxonomy":"category","embeddable":true,"href":"https:\/\/slaskipegaz.bs.katowice.pl\/index.php?rest_route=%2Fwp%2Fv2%2Fcategories&post=9324"},{"taxonomy":"post_tag","embeddable":true,"href":"https:\/\/slaskipegaz.bs.katowice.pl\/index.php?rest_route=%2Fwp%2Fv2%2Ftags&post=9324"}],"curies":[{"name":"wp","href":"https:\/\/api.w.org\/{rel}","templated":true}]}}