{"id":9339,"date":"2017-01-05T13:21:10","date_gmt":"2017-01-05T12:21:10","guid":{"rendered":"http:\/\/slaskipegaz.bs.katowice.pl\/?p=9339"},"modified":"2017-01-05T14:25:30","modified_gmt":"2017-01-05T13:25:30","slug":"relacja-miejska-i-powiatowa-biblioteka-publiczna-w-siewierzu","status":"publish","type":"post","link":"https:\/\/slaskipegaz.bs.katowice.pl\/?p=9339","title":{"rendered":"[Relacja] MIEJSKO-GMINNA BIBLIOTEKA PUBLICZNA W SIEWIERZU"},"content":{"rendered":"<h6 style=\"text-align: center;\">SIENKIEWICZOWSKIE ABECAD\u0141O<\/h6>\n<p><a href=\"https:\/\/slaskipegaz.bs.katowice.pl\/wp-content\/uploads\/2017\/01\/IMG_1634.jpg\" rel=\"attachment wp-att-9340\"><img loading=\"lazy\" decoding=\"async\" class=\"size-medium wp-image-9340 alignleft\" src=\"https:\/\/slaskipegaz.bs.katowice.pl\/wp-content\/uploads\/2017\/01\/IMG_1634-300x225.jpg\" alt=\"ZAJ\u0118CIA\" width=\"300\" height=\"225\" srcset=\"https:\/\/slaskipegaz.bs.katowice.pl\/wp-content\/uploads\/2017\/01\/IMG_1634-300x225.jpg 300w, https:\/\/slaskipegaz.bs.katowice.pl\/wp-content\/uploads\/2017\/01\/IMG_1634-768x576.jpg 768w, https:\/\/slaskipegaz.bs.katowice.pl\/wp-content\/uploads\/2017\/01\/IMG_1634-1024x768.jpg 1024w\" sizes=\"auto, (max-width: 300px) 100vw, 300px\" \/><\/a>W ramach obchod\u00f3w Roku Henryka Sienkiewicza w dniach 12 i 14 grudnia 2016 roku odby\u0142o si\u0119 6 lekcji bibliotecznych, przeprowadzonych w Zespole Szkolno-Przedszkolnym w \u017belis\u0142awicach przez pracownika Miejsko-Gminnej Biblioteki Publicznej w Siewierzu Jolant\u0119 Jakubczyk, z inicjatywy Dyrektora Zespo\u0142u Szkolno-Przedszkolnego w \u017belis\u0142awicach Ewy Stelmach. <!--more-->Uczestnikami lekcji byli uczniowie klas IV-VI szko\u0142y podstawowej i I-III gimnazjum. Obejrzeli oni prezentacj\u0119 multimedialn\u0105, kt\u00f3ra zawiera\u0142a ciekawostki z \u017cycia Henryka Sienkiewicza \u201eod A do Z\u201d. Uczniowie starszych klas tworzyli wywiady dziennikarza z Henrykiem Sienkiewiczem, rozmowy Henryka Sienkiewicza\u00a0 z wydawc\u0105, czy te\u017c rozmowy mi\u0142o\u015bnika i przeciwnika tw\u00f3rczo\u015bci Sienkiewicza, a tak\u017ce pr\u00f3bowali spojrze\u0107 na pisarza oczami wsp\u00f3\u0142czesnego czytelnika.<\/p>\n<p>Uczniowie m\u0142odszych klas wykonywali pami\u0105tkowe medale z wizerunkiem pisarza wymy\u015blaj\u0105c has\u0142a popularyzuj\u0105ce jego tw\u00f3rczo\u015b\u0107. Wszyscy uczestnicy warsztat\u00f3w wykazali si\u0119 du\u017c\u0105 wiedz\u0105 na temat patrona swojej szko\u0142y, m\u0142odsi talentami plastycznymi, a starsi pomys\u0142owo\u015bci\u0105.<\/p>\n<p>Nades\u0142a\u0142a: Jolanta Jakubczyk, Miejsko-Gminna Biblioteka Publiczna w Siewierzu<\/p>\n<p>&nbsp;<\/p>\n","protected":false},"excerpt":{"rendered":"<p>SIENKIEWICZOWSKIE ABECAD\u0141O W ramach obchod\u00f3w Roku Henryka Sienkiewicza w dniach 12 i 14 grudnia 2016 roku odby\u0142o si\u0119 6 lekcji bibliotecznych, przeprowadzonych w Zespole Szkolno-Przedszkolnym w \u017belis\u0142awicach przez pracownika Miejsko-Gminnej Biblioteki Publicznej w Siewierzu Jolant\u0119 Jakubczyk, z inicjatywy Dyrektora Zespo\u0142u Szkolno-Przedszkolnego w \u017belis\u0142awicach Ewy Stelmach.<\/p>\n","protected":false},"author":3,"featured_media":9340,"comment_status":"closed","ping_status":"closed","sticky":false,"template":"","format":"standard","meta":{"_acf_changed":false,"_exactmetrics_skip_tracking":false,"_exactmetrics_sitenote_active":false,"_exactmetrics_sitenote_note":"","_exactmetrics_sitenote_category":0,"footnotes":""},"categories":[934],"tags":[773,67,244],"class_list":["post-9339","post","type-post","status-publish","format-standard","has-post-thumbnail","hentry","category-nr-28-styczen-2017","tag-henryk-sienkiewicz","tag-miejsko-gminna-biblioteka-publiczna-w-siewierzu","tag-zajecia-dla-mlodziezy"],"acf":[],"jetpack_featured_media_url":"https:\/\/slaskipegaz.bs.katowice.pl\/wp-content\/uploads\/2017\/01\/IMG_1634.jpg","_links":{"self":[{"href":"https:\/\/slaskipegaz.bs.katowice.pl\/index.php?rest_route=\/wp\/v2\/posts\/9339","targetHints":{"allow":["GET"]}}],"collection":[{"href":"https:\/\/slaskipegaz.bs.katowice.pl\/index.php?rest_route=\/wp\/v2\/posts"}],"about":[{"href":"https:\/\/slaskipegaz.bs.katowice.pl\/index.php?rest_route=\/wp\/v2\/types\/post"}],"author":[{"embeddable":true,"href":"https:\/\/slaskipegaz.bs.katowice.pl\/index.php?rest_route=\/wp\/v2\/users\/3"}],"replies":[{"embeddable":true,"href":"https:\/\/slaskipegaz.bs.katowice.pl\/index.php?rest_route=%2Fwp%2Fv2%2Fcomments&post=9339"}],"version-history":[{"count":2,"href":"https:\/\/slaskipegaz.bs.katowice.pl\/index.php?rest_route=\/wp\/v2\/posts\/9339\/revisions"}],"predecessor-version":[{"id":9385,"href":"https:\/\/slaskipegaz.bs.katowice.pl\/index.php?rest_route=\/wp\/v2\/posts\/9339\/revisions\/9385"}],"wp:featuredmedia":[{"embeddable":true,"href":"https:\/\/slaskipegaz.bs.katowice.pl\/index.php?rest_route=\/wp\/v2\/media\/9340"}],"wp:attachment":[{"href":"https:\/\/slaskipegaz.bs.katowice.pl\/index.php?rest_route=%2Fwp%2Fv2%2Fmedia&parent=9339"}],"wp:term":[{"taxonomy":"category","embeddable":true,"href":"https:\/\/slaskipegaz.bs.katowice.pl\/index.php?rest_route=%2Fwp%2Fv2%2Fcategories&post=9339"},{"taxonomy":"post_tag","embeddable":true,"href":"https:\/\/slaskipegaz.bs.katowice.pl\/index.php?rest_route=%2Fwp%2Fv2%2Ftags&post=9339"}],"curies":[{"name":"wp","href":"https:\/\/api.w.org\/{rel}","templated":true}]}}