{"id":9358,"date":"2017-01-05T13:43:56","date_gmt":"2017-01-05T12:43:56","guid":{"rendered":"http:\/\/slaskipegaz.bs.katowice.pl\/?p=9358"},"modified":"2017-01-05T13:43:56","modified_gmt":"2017-01-05T12:43:56","slug":"wystawa-ksiaznica-beskidzka-w-bielsku-bialej-2","status":"publish","type":"post","link":"https:\/\/slaskipegaz.bs.katowice.pl\/?p=9358","title":{"rendered":"[Wystawa] KSI\u0104\u017bNICA BESKIDZKA W BIELSKU-BIA\u0141EJ"},"content":{"rendered":"<h6 style=\"text-align: center;\"><strong>W oczekiwaniu na \u015awi\u0119ta&#8230;<\/strong><\/h6>\n<p><a href=\"https:\/\/slaskipegaz.bs.katowice.pl\/wp-content\/uploads\/2017\/01\/DSC_0008.jpg\" rel=\"attachment wp-att-9359\"><img loading=\"lazy\" decoding=\"async\" class=\"size-medium wp-image-9359 alignleft\" src=\"https:\/\/slaskipegaz.bs.katowice.pl\/wp-content\/uploads\/2017\/01\/DSC_0008-300x151.jpg\" alt=\"stroik\" width=\"300\" height=\"151\" srcset=\"https:\/\/slaskipegaz.bs.katowice.pl\/wp-content\/uploads\/2017\/01\/DSC_0008-300x151.jpg 300w, https:\/\/slaskipegaz.bs.katowice.pl\/wp-content\/uploads\/2017\/01\/DSC_0008-768x387.jpg 768w, https:\/\/slaskipegaz.bs.katowice.pl\/wp-content\/uploads\/2017\/01\/DSC_0008-1024x516.jpg 1024w\" sizes=\"auto, (max-width: 300px) 100vw, 300px\" \/><\/a>Z okazji \u015awi\u0105t Bo\u017cego Narodzenia Dzia\u0142 Informacyjno-Bibliograficzny i Zbior\u00f3w Regionalnych Ksi\u0105\u017cnicy Beskidzkiej w Bielsku-Bia\u0142ej przygotowa\u0142 wystaw\u0119 pt. \u201eTradycje \u015bwi\u0105teczne i noworoczne Beskid\u00f3w\u201d.<!--more--> Wystawa ukazuje obrz\u0119dowo\u015b\u0107 i zwyczaje mieszka\u0144c\u00f3w Beskid\u00f3w i zwi\u0105zana jest ze \u015awi\u0119tami Narodzenia Pa\u0144skiego, pocz\u0105wszy od okresu adwentu do \u015awi\u0119ta Trzech Kr\u00f3li. Przedstawiono r\u00f3wnie\u017c najstarszy i najbardziej popularny na \u017bywiecczy\u017anie zwyczaj kol\u0119dowania \u2013 \u017bywieckie Gody \u2013 stanowi\u0105cy przegl\u0105d grup kol\u0119dniczych i obrz\u0119dowych.<\/p>\n<p><a href=\"https:\/\/slaskipegaz.bs.katowice.pl\/wp-content\/uploads\/2017\/01\/DSC_0014.jpg\" rel=\"attachment wp-att-9360\"><img loading=\"lazy\" decoding=\"async\" class=\"aligncenter size-medium wp-image-9360\" src=\"https:\/\/slaskipegaz.bs.katowice.pl\/wp-content\/uploads\/2017\/01\/DSC_0014-300x199.jpg\" alt=\"wystawa\" width=\"300\" height=\"199\" srcset=\"https:\/\/slaskipegaz.bs.katowice.pl\/wp-content\/uploads\/2017\/01\/DSC_0014-300x199.jpg 300w, https:\/\/slaskipegaz.bs.katowice.pl\/wp-content\/uploads\/2017\/01\/DSC_0014-768x509.jpg 768w, https:\/\/slaskipegaz.bs.katowice.pl\/wp-content\/uploads\/2017\/01\/DSC_0014-1024x678.jpg 1024w\" sizes=\"auto, (max-width: 300px) 100vw, 300px\" \/><\/a><\/p>\n<p>Zaprezentowane zosta\u0142y tak\u017ce zbiory regionalne nawi\u0105zuj\u0105ce do\u00a0 beskidzkiej obrz\u0119dowo\u015bci i tradycji \u015bwi\u0105tecznego sto\u0142u. Uzupe\u0142nieniem wystawy s\u0105 dawne i wsp\u00f3\u0142czesne ozdoby choinkowe i bo\u017conarodzeniowe, \u00a0\u015bwi\u0105teczne kartki oraz fotografie zimowych pejza\u017cy wykonane przez pracownika Dzia\u0142u Informacyjno-Bibliograficznego i Zbior\u00f3w Regionalnych \u2013 Wojciecha Ha\u0144czaka.<\/p>\n<p>Nades\u0142a\u0142a: Ksi\u0105\u017cnica Beskidzka w Bielsku-Bia\u0142ej<\/p>\n<p>&nbsp;<\/p>\n<p>&nbsp;<\/p>\n<p>&nbsp;<\/p>\n","protected":false},"excerpt":{"rendered":"<p>W oczekiwaniu na \u015awi\u0119ta&#8230; Z okazji \u015awi\u0105t Bo\u017cego Narodzenia Dzia\u0142 Informacyjno-Bibliograficzny i Zbior\u00f3w Regionalnych Ksi\u0105\u017cnicy Beskidzkiej w Bielsku-Bia\u0142ej przygotowa\u0142 wystaw\u0119 pt. \u201eTradycje \u015bwi\u0105teczne i noworoczne Beskid\u00f3w\u201d.<\/p>\n","protected":false},"author":3,"featured_media":9360,"comment_status":"closed","ping_status":"closed","sticky":false,"template":"","format":"standard","meta":{"_acf_changed":false,"_exactmetrics_skip_tracking":false,"_exactmetrics_sitenote_active":false,"_exactmetrics_sitenote_note":"","_exactmetrics_sitenote_category":0,"footnotes":""},"categories":[934],"tags":[83,950,24],"class_list":["post-9358","post","type-post","status-publish","format-standard","has-post-thumbnail","hentry","category-nr-28-styczen-2017","tag-ksiaznica-beskidzka","tag-tradycje-swiateczne-i-noworoczne-beskidow","tag-wystawa"],"acf":[],"jetpack_featured_media_url":"https:\/\/slaskipegaz.bs.katowice.pl\/wp-content\/uploads\/2017\/01\/DSC_0014.jpg","_links":{"self":[{"href":"https:\/\/slaskipegaz.bs.katowice.pl\/index.php?rest_route=\/wp\/v2\/posts\/9358","targetHints":{"allow":["GET"]}}],"collection":[{"href":"https:\/\/slaskipegaz.bs.katowice.pl\/index.php?rest_route=\/wp\/v2\/posts"}],"about":[{"href":"https:\/\/slaskipegaz.bs.katowice.pl\/index.php?rest_route=\/wp\/v2\/types\/post"}],"author":[{"embeddable":true,"href":"https:\/\/slaskipegaz.bs.katowice.pl\/index.php?rest_route=\/wp\/v2\/users\/3"}],"replies":[{"embeddable":true,"href":"https:\/\/slaskipegaz.bs.katowice.pl\/index.php?rest_route=%2Fwp%2Fv2%2Fcomments&post=9358"}],"version-history":[{"count":1,"href":"https:\/\/slaskipegaz.bs.katowice.pl\/index.php?rest_route=\/wp\/v2\/posts\/9358\/revisions"}],"predecessor-version":[{"id":9361,"href":"https:\/\/slaskipegaz.bs.katowice.pl\/index.php?rest_route=\/wp\/v2\/posts\/9358\/revisions\/9361"}],"wp:featuredmedia":[{"embeddable":true,"href":"https:\/\/slaskipegaz.bs.katowice.pl\/index.php?rest_route=\/wp\/v2\/media\/9360"}],"wp:attachment":[{"href":"https:\/\/slaskipegaz.bs.katowice.pl\/index.php?rest_route=%2Fwp%2Fv2%2Fmedia&parent=9358"}],"wp:term":[{"taxonomy":"category","embeddable":true,"href":"https:\/\/slaskipegaz.bs.katowice.pl\/index.php?rest_route=%2Fwp%2Fv2%2Fcategories&post=9358"},{"taxonomy":"post_tag","embeddable":true,"href":"https:\/\/slaskipegaz.bs.katowice.pl\/index.php?rest_route=%2Fwp%2Fv2%2Ftags&post=9358"}],"curies":[{"name":"wp","href":"https:\/\/api.w.org\/{rel}","templated":true}]}}