{"id":9471,"date":"2017-01-18T12:54:14","date_gmt":"2017-01-18T11:54:14","guid":{"rendered":"http:\/\/slaskipegaz.bs.katowice.pl\/?p=9471"},"modified":"2017-01-18T12:54:14","modified_gmt":"2017-01-18T11:54:14","slug":"zapowiedz-biblioteka-slaska-w-katowicach-38","status":"publish","type":"post","link":"https:\/\/slaskipegaz.bs.katowice.pl\/?p=9471","title":{"rendered":"[Zapowied\u017a] BIBLIOTEKA \u015aL\u0104SKA W KATOWICACH"},"content":{"rendered":"<h6 style=\"text-align: center;\">Spotkanie z Zygfrydem Nowakiem w ramach cyklu \u015al\u0105ski Witra\u017c<\/h6>\n<p><a href=\"https:\/\/slaskipegaz.bs.katowice.pl\/wp-content\/uploads\/2017\/01\/mailing-\u015al\u0105ski-Witra\u017c-Nowak.jpg\" rel=\"attachment wp-att-9472\"><img loading=\"lazy\" decoding=\"async\" class=\"size-medium wp-image-9472 alignleft\" src=\"https:\/\/slaskipegaz.bs.katowice.pl\/wp-content\/uploads\/2017\/01\/mailing-\u015al\u0105ski-Witra\u017c-Nowak-300x212.jpg\" alt=\"plakat\" width=\"300\" height=\"212\" srcset=\"https:\/\/slaskipegaz.bs.katowice.pl\/wp-content\/uploads\/2017\/01\/mailing-\u015al\u0105ski-Witra\u017c-Nowak-300x212.jpg 300w, https:\/\/slaskipegaz.bs.katowice.pl\/wp-content\/uploads\/2017\/01\/mailing-\u015al\u0105ski-Witra\u017c-Nowak-768x543.jpg 768w, https:\/\/slaskipegaz.bs.katowice.pl\/wp-content\/uploads\/2017\/01\/mailing-\u015al\u0105ski-Witra\u017c-Nowak-1024x724.jpg 1024w\" sizes=\"auto, (max-width: 300px) 100vw, 300px\" \/><\/a>Biblioteka \u015al\u0105ska zaprasza na spotkanie z Zygfrydem Nowakiem, redaktorem naukowym ksi\u0105\u017cki <span class=\"fsl\">\u201e<\/span>Dzieje Bogucic w kronice szko\u0142y 1865\u20131975<span class=\"fsl\">\u201d <\/span>z cyklu \u015al\u0105ski Witra\u017c w dniu 19 stycznia 2017 r., godz. 17.00.<\/p>\n<p>&nbsp;<\/p>\n","protected":false},"excerpt":{"rendered":"<p>Spotkanie z Zygfrydem Nowakiem w ramach cyklu \u015al\u0105ski Witra\u017c Biblioteka \u015al\u0105ska zaprasza na spotkanie z Zygfrydem Nowakiem, redaktorem naukowym ksi\u0105\u017cki \u201eDzieje Bogucic w kronice szko\u0142y 1865\u20131975\u201d z cyklu \u015al\u0105ski Witra\u017c w dniu 19 stycznia 2017 r., godz. 17.00. &nbsp;<\/p>\n","protected":false},"author":3,"featured_media":0,"comment_status":"closed","ping_status":"closed","sticky":false,"template":"","format":"standard","meta":{"_acf_changed":false,"_exactmetrics_skip_tracking":false,"_exactmetrics_sitenote_active":false,"_exactmetrics_sitenote_note":"","_exactmetrics_sitenote_category":0,"footnotes":""},"categories":[6],"tags":[970,11,971],"class_list":["post-9471","post","type-post","status-publish","format-standard","hentry","category-aktualnosci","tag-slaski-witraz","tag-spotkanie-autorskie","tag-zygfryd-nowak"],"acf":[],"jetpack_featured_media_url":"","_links":{"self":[{"href":"https:\/\/slaskipegaz.bs.katowice.pl\/index.php?rest_route=\/wp\/v2\/posts\/9471","targetHints":{"allow":["GET"]}}],"collection":[{"href":"https:\/\/slaskipegaz.bs.katowice.pl\/index.php?rest_route=\/wp\/v2\/posts"}],"about":[{"href":"https:\/\/slaskipegaz.bs.katowice.pl\/index.php?rest_route=\/wp\/v2\/types\/post"}],"author":[{"embeddable":true,"href":"https:\/\/slaskipegaz.bs.katowice.pl\/index.php?rest_route=\/wp\/v2\/users\/3"}],"replies":[{"embeddable":true,"href":"https:\/\/slaskipegaz.bs.katowice.pl\/index.php?rest_route=%2Fwp%2Fv2%2Fcomments&post=9471"}],"version-history":[{"count":1,"href":"https:\/\/slaskipegaz.bs.katowice.pl\/index.php?rest_route=\/wp\/v2\/posts\/9471\/revisions"}],"predecessor-version":[{"id":9473,"href":"https:\/\/slaskipegaz.bs.katowice.pl\/index.php?rest_route=\/wp\/v2\/posts\/9471\/revisions\/9473"}],"wp:attachment":[{"href":"https:\/\/slaskipegaz.bs.katowice.pl\/index.php?rest_route=%2Fwp%2Fv2%2Fmedia&parent=9471"}],"wp:term":[{"taxonomy":"category","embeddable":true,"href":"https:\/\/slaskipegaz.bs.katowice.pl\/index.php?rest_route=%2Fwp%2Fv2%2Fcategories&post=9471"},{"taxonomy":"post_tag","embeddable":true,"href":"https:\/\/slaskipegaz.bs.katowice.pl\/index.php?rest_route=%2Fwp%2Fv2%2Ftags&post=9471"}],"curies":[{"name":"wp","href":"https:\/\/api.w.org\/{rel}","templated":true}]}}