{"id":9972,"date":"2017-03-27T12:40:23","date_gmt":"2017-03-27T10:40:23","guid":{"rendered":"http:\/\/slaskipegaz.bs.katowice.pl\/?p=9972"},"modified":"2017-04-04T14:16:03","modified_gmt":"2017-04-04T12:16:03","slug":"relacja-miejska-i-powiatowa-biblioteka-publiczna-w-zawierciu-49","status":"publish","type":"post","link":"https:\/\/slaskipegaz.bs.katowice.pl\/?p=9972","title":{"rendered":"[Relacja] MIEJSKA I POWIATOWA BIBLIOTEKA PUBLICZNA W ZAWIERCIU"},"content":{"rendered":"<h6 style=\"text-align: center;\">Zaj\u0119cia z kultury ludowej<\/h6>\n<p><a href=\"https:\/\/slaskipegaz.bs.katowice.pl\/wp-content\/uploads\/2017\/03\/DSC_0440.jpg\" rel=\"attachment wp-att-9973\"><img loading=\"lazy\" decoding=\"async\" class=\"size-medium wp-image-9973 alignleft\" src=\"https:\/\/slaskipegaz.bs.katowice.pl\/wp-content\/uploads\/2017\/03\/DSC_0440-300x200.jpg\" alt=\"ZAJ\u0118CIA\" width=\"300\" height=\"200\" srcset=\"https:\/\/slaskipegaz.bs.katowice.pl\/wp-content\/uploads\/2017\/03\/DSC_0440-300x200.jpg 300w, https:\/\/slaskipegaz.bs.katowice.pl\/wp-content\/uploads\/2017\/03\/DSC_0440-768x512.jpg 768w, https:\/\/slaskipegaz.bs.katowice.pl\/wp-content\/uploads\/2017\/03\/DSC_0440-1024x683.jpg 1024w\" sizes=\"auto, (max-width: 300px) 100vw, 300px\" \/><\/a>14 marca w Miejskiej i Powiatowej Bibliotece Publicznej w Pa\u0142acyku Szyma\u0144skiego odby\u0142y si\u0119 warsztaty dotycz\u0105ce kultury ludowej pt. \u201eTradycje Wielkanocne\u201d. Spotkanie prowadzi\u0142a Ewelina M\u0119drala-M\u0142y\u0144ska z Regionalnego O\u015brodka Kultury i Sztuki w Cz\u0119stochowie w ramach Mobilnego Uniwersytetu Kultury i Sztuki. W zaj\u0119ciach wzi\u0119li udzia\u0142 uczniowie klasy trzeciej ze Szko\u0142y Podstawowej nr 5 z Zawiercia. <!--more--><br \/>\nNa pocz\u0105tku spotkania dzieciaki dowiedzia\u0142y si\u0119 o tradycjach wielkanocnych pocz\u0105wszy od \u015brody popielcowej, a sko\u0144czywszy na lanym poniedzia\u0142ku, sk\u0105d pochodzi popi\u00f3\u0142, z jakich materia\u0142\u00f3w robimy palmy, co \u015bwi\u0119cimy w koszyczkach i jakie to symbole.<\/p>\n<p>W drugiej cz\u0119\u015bci spotkania robili\u015bmy palmy, powsta\u0142y pi\u0119kne oryginalne, kolorowe, ka\u017cda, wed\u0142ug w\u0142asnego projektu. W ramach wsp\u00f3\u0142pracy z Mobilnym Uniwersytetem Kultury i Sztuki do tej pory w naszej bibliotece odby\u0142y si\u0119 ju\u017c warsztaty teatralne, plastyczne, a teraz z kultury ludowej.<\/p>\n<p>Nades\u0142a\u0142a: Miejska i Powiatowa Biblioteka Publiczna w Zawierciu<\/p>\n","protected":false},"excerpt":{"rendered":"<p>Zaj\u0119cia z kultury ludowej 14 marca w Miejskiej i Powiatowej Bibliotece Publicznej w Pa\u0142acyku Szyma\u0144skiego odby\u0142y si\u0119 warsztaty dotycz\u0105ce kultury ludowej pt. \u201eTradycje Wielkanocne\u201d. Spotkanie prowadzi\u0142a Ewelina M\u0119drala-M\u0142y\u0144ska z Regionalnego O\u015brodka Kultury i Sztuki w Cz\u0119stochowie w ramach Mobilnego Uniwersytetu Kultury i Sztuki. W zaj\u0119ciach wzi\u0119li udzia\u0142 uczniowie klasy trzeciej ze Szko\u0142y Podstawowej nr 5 &hellip; <a href=\"https:\/\/slaskipegaz.bs.katowice.pl\/?p=9972\" class=\"more-link\">Czytaj dalej <span class=\"screen-reader-text\">[Relacja] MIEJSKA I POWIATOWA BIBLIOTEKA PUBLICZNA W ZAWIERCIU<\/span> <span class=\"meta-nav\">&rarr;<\/span><\/a><\/p>\n","protected":false},"author":3,"featured_media":9973,"comment_status":"closed","ping_status":"closed","sticky":false,"template":"","format":"standard","meta":{"_acf_changed":false,"_exactmetrics_skip_tracking":false,"_exactmetrics_sitenote_active":false,"_exactmetrics_sitenote_note":"","_exactmetrics_sitenote_category":0,"footnotes":""},"categories":[1022],"tags":[110,79],"class_list":["post-9972","post","type-post","status-publish","format-standard","has-post-thumbnail","hentry","category-nr-31-kwiecien-2017","tag-miejska-i-powiatowa-biblioteka-publiczna-w-zawierciu","tag-zajecia-dla-dzieci"],"acf":[],"jetpack_featured_media_url":"https:\/\/slaskipegaz.bs.katowice.pl\/wp-content\/uploads\/2017\/03\/DSC_0440.jpg","_links":{"self":[{"href":"https:\/\/slaskipegaz.bs.katowice.pl\/index.php?rest_route=\/wp\/v2\/posts\/9972","targetHints":{"allow":["GET"]}}],"collection":[{"href":"https:\/\/slaskipegaz.bs.katowice.pl\/index.php?rest_route=\/wp\/v2\/posts"}],"about":[{"href":"https:\/\/slaskipegaz.bs.katowice.pl\/index.php?rest_route=\/wp\/v2\/types\/post"}],"author":[{"embeddable":true,"href":"https:\/\/slaskipegaz.bs.katowice.pl\/index.php?rest_route=\/wp\/v2\/users\/3"}],"replies":[{"embeddable":true,"href":"https:\/\/slaskipegaz.bs.katowice.pl\/index.php?rest_route=%2Fwp%2Fv2%2Fcomments&post=9972"}],"version-history":[{"count":1,"href":"https:\/\/slaskipegaz.bs.katowice.pl\/index.php?rest_route=\/wp\/v2\/posts\/9972\/revisions"}],"predecessor-version":[{"id":9974,"href":"https:\/\/slaskipegaz.bs.katowice.pl\/index.php?rest_route=\/wp\/v2\/posts\/9972\/revisions\/9974"}],"wp:featuredmedia":[{"embeddable":true,"href":"https:\/\/slaskipegaz.bs.katowice.pl\/index.php?rest_route=\/wp\/v2\/media\/9973"}],"wp:attachment":[{"href":"https:\/\/slaskipegaz.bs.katowice.pl\/index.php?rest_route=%2Fwp%2Fv2%2Fmedia&parent=9972"}],"wp:term":[{"taxonomy":"category","embeddable":true,"href":"https:\/\/slaskipegaz.bs.katowice.pl\/index.php?rest_route=%2Fwp%2Fv2%2Fcategories&post=9972"},{"taxonomy":"post_tag","embeddable":true,"href":"https:\/\/slaskipegaz.bs.katowice.pl\/index.php?rest_route=%2Fwp%2Fv2%2Ftags&post=9972"}],"curies":[{"name":"wp","href":"https:\/\/api.w.org\/{rel}","templated":true}]}}