{"id":9975,"date":"2017-03-27T12:53:56","date_gmt":"2017-03-27T10:53:56","guid":{"rendered":"http:\/\/slaskipegaz.bs.katowice.pl\/?p=9975"},"modified":"2017-03-27T12:53:56","modified_gmt":"2017-03-27T10:53:56","slug":"relacja-ksiaznica-beskidzka-w-bielsku-bialej-41","status":"publish","type":"post","link":"https:\/\/slaskipegaz.bs.katowice.pl\/?p=9975","title":{"rendered":"[Relacja] KSI\u0104\u017bNICA BESKIDZKA W BIELSKU-BIA\u0141EJ"},"content":{"rendered":"<h6 style=\"text-align: center;\">Wernisa\u017c<\/h6>\n<p><a href=\"https:\/\/slaskipegaz.bs.katowice.pl\/wp-content\/uploads\/2017\/03\/DSC_0007.jpg\" rel=\"attachment wp-att-9976\"><img loading=\"lazy\" decoding=\"async\" class=\"size-medium wp-image-9976 alignleft\" src=\"https:\/\/slaskipegaz.bs.katowice.pl\/wp-content\/uploads\/2017\/03\/DSC_0007-300x199.jpg\" alt=\"wernisa\u017c\" width=\"300\" height=\"199\" srcset=\"https:\/\/slaskipegaz.bs.katowice.pl\/wp-content\/uploads\/2017\/03\/DSC_0007-300x199.jpg 300w, https:\/\/slaskipegaz.bs.katowice.pl\/wp-content\/uploads\/2017\/03\/DSC_0007-768x508.jpg 768w, https:\/\/slaskipegaz.bs.katowice.pl\/wp-content\/uploads\/2017\/03\/DSC_0007-1024x678.jpg 1024w, https:\/\/slaskipegaz.bs.katowice.pl\/wp-content\/uploads\/2017\/03\/DSC_0007.jpg 1280w\" sizes=\"auto, (max-width: 300px) 100vw, 300px\" \/><\/a>14 marca 2017 roku w Ksi\u0105\u017cnicy Beskidzkiej odby\u0142 si\u0119 wernisa\u017c wystawy prac Jaros\u0142awa Gewinnera BLACK &amp; COLOUR. Na spotkanie z m\u0142odym, bielskim artyst\u0105 przyby\u0142o wiele os\u00f3b w\u015br\u00f3d nich przyjaciele artysty, najbli\u017csi i ci, dla kt\u00f3rych sztuka nie jest oboj\u0119tna.<!--more--><\/p>\n<p>Licznie zebranych go\u015bci powita\u0142 dyrektor Ksi\u0105\u017cnicy Beskidzkiej, Bogdan Kocurek kt\u00f3ry w kilku s\u0142owach przybli\u017cy\u0142\u00a0 posta\u0107 artysty. Nast\u0119pnie g\u0142os zabra\u0142 bohater wieczoru opowiadaj\u0105c o sobie, swoich fascynacjach malarskich, artystach, kt\u00f3rzy s\u0105 dla niego inspiracj\u0105.<\/p>\n<p>Jaros\u0142aw Gewinner jest absolwentem Uniwersytetu \u015al\u0105skiego filia w Cieszynie, na kt\u00f3rym to w 2006 roku uzyska\u0142 tytu\u0142 magistra sztuki z malarstwa. Jego tw\u00f3rczo\u015b\u0107 jest zr\u00f3\u017cnicowana. Jak sam przyzna\u0142 sk\u0142adaj\u0105 si\u0119 na ni\u0105 obrazy olejne, akwarele, ale i rysunki graficzne. Na pytanie, jak tworzy czy ma jaki\u015b plan, czy wykonuje uprzednio szkice swoich prac odpowiedzia\u0142, \u017ce nic takiego nie jest mu potrzebne. Siada przed czyst\u0105 kartk\u0105 lub p\u0142\u00f3tnem i, bez \u017cadnych wcze\u015bniejszych przygotowa\u0144, przelewa na nie swoje artystyczne wizje.<\/p>\n<p>Przyzna\u0142, \u017ce niewyczerpanym \u017ar\u00f3d\u0142em inspiracji jest dla niego tw\u00f3rczo\u015b\u0107 impresjonist\u00f3w i surrealist\u00f3w. I rzeczywi\u015bcie wida\u0107 to w jego pracach. Surrealistyczne grafiki pe\u0142ne s\u0105 dziwnych postaci, zwierz\u0105t, wygl\u0105daj\u0105cych zza drzew, miejsc nie z tej ziemi. Ogl\u0105daj\u0105cy mo\u017ce mie\u0107 skojarzenia z surrealistycznymi pracami Joana Mir\u00f3 czy Salvadora Dali. Na fantastyczny \u015bwiat Gewinnera sk\u0142adaj\u0105 si\u0119 krajobrazy, postacie, zwierz\u0119ta, ludzie. Wszystko to jest bardzo oniryczne, a ogl\u0105daj\u0105cy mo\u017ce czu\u0107 si\u0119 jak Alicja w Krainie Czar\u00f3w, dostrzegaj\u0105c coraz to nowe elementy. Artysta m\u00f3wi\u0142, \u017ce \u201ew ka\u017cdej ze swoich prac ukrywa elementy symboliki i zakodowanych znacze\u0144\u201d. Zatem ka\u017cdy, kto ogl\u0105da jego obrazy dostrzega\u0107 b\u0119dzie co\u015b innego, jaki\u015b inny detal przykuje jego uwag\u0119.<\/p>\n<p><a href=\"https:\/\/slaskipegaz.bs.katowice.pl\/wp-content\/uploads\/2017\/03\/DSC_0024.jpg\" rel=\"attachment wp-att-9977\"><img loading=\"lazy\" decoding=\"async\" class=\"aligncenter size-medium wp-image-9977\" src=\"https:\/\/slaskipegaz.bs.katowice.pl\/wp-content\/uploads\/2017\/03\/DSC_0024-300x199.jpg\" alt=\"obrazy\" width=\"300\" height=\"199\" srcset=\"https:\/\/slaskipegaz.bs.katowice.pl\/wp-content\/uploads\/2017\/03\/DSC_0024-300x199.jpg 300w, https:\/\/slaskipegaz.bs.katowice.pl\/wp-content\/uploads\/2017\/03\/DSC_0024-768x508.jpg 768w, https:\/\/slaskipegaz.bs.katowice.pl\/wp-content\/uploads\/2017\/03\/DSC_0024-1024x678.jpg 1024w, https:\/\/slaskipegaz.bs.katowice.pl\/wp-content\/uploads\/2017\/03\/DSC_0024.jpg 1280w\" sizes=\"auto, (max-width: 300px) 100vw, 300px\" \/><\/a><\/p>\n<p>W\u015br\u00f3d prac prezentowanych w galerii Ksi\u0105\u017cnicy Beskidzkiej znalaz\u0142y si\u0119 i takie, kt\u00f3re zadowol\u0105 gusta tych, kt\u00f3rzy ponad eksperyment przek\u0142adaj\u0105 malarstwo tradycyjne. S\u0105 to olejne i akrylowe pejza\u017ce, pe\u0142ne kolor\u00f3w, tchn\u0105ce optymizmem i rado\u015bci\u0105.<\/p>\n<p>Wernisa\u017c wystawy u\u015bwietni\u0142 wyst\u0119p Beaty Przybytek, znanej bielskiej artystki jazzowej, kt\u00f3rej talent zosta\u0142 doceniony nie tylko w Polsce, ale i poza granicami naszego kraju. Artystka wykona\u0142a kilka utwor\u00f3w, w tym i takie, kt\u00f3re znajd\u0105 si\u0119 na jej nowej p\u0142ycie.<\/p>\n<p><a href=\"https:\/\/slaskipegaz.bs.katowice.pl\/wp-content\/uploads\/2017\/03\/DSC_0040.jpg\" rel=\"attachment wp-att-9978\"><img loading=\"lazy\" decoding=\"async\" class=\"aligncenter size-medium wp-image-9978\" src=\"https:\/\/slaskipegaz.bs.katowice.pl\/wp-content\/uploads\/2017\/03\/DSC_0040-300x199.jpg\" alt=\"obrazy\" width=\"300\" height=\"199\" srcset=\"https:\/\/slaskipegaz.bs.katowice.pl\/wp-content\/uploads\/2017\/03\/DSC_0040-300x199.jpg 300w, https:\/\/slaskipegaz.bs.katowice.pl\/wp-content\/uploads\/2017\/03\/DSC_0040-768x508.jpg 768w, https:\/\/slaskipegaz.bs.katowice.pl\/wp-content\/uploads\/2017\/03\/DSC_0040-1024x678.jpg 1024w, https:\/\/slaskipegaz.bs.katowice.pl\/wp-content\/uploads\/2017\/03\/DSC_0040.jpg 1280w\" sizes=\"auto, (max-width: 300px) 100vw, 300px\" \/><\/a><\/p>\n<p>Prace Jaros\u0142awa Gewinnera mo\u017cna ogl\u0105da\u0107 w Ksi\u0105\u017cnicy Beskidzkiej do 31 marca.<\/p>\n<p>Nades\u0142a\u0142a: Ksi\u0105\u017cnica Beskidzka w Bielsku-Bia\u0142ej<\/p>\n","protected":false},"excerpt":{"rendered":"<p>Wernisa\u017c 14 marca 2017 roku w Ksi\u0105\u017cnicy Beskidzkiej odby\u0142 si\u0119 wernisa\u017c wystawy prac Jaros\u0142awa Gewinnera BLACK &amp; COLOUR. Na spotkanie z m\u0142odym, bielskim artyst\u0105 przyby\u0142o wiele os\u00f3b w\u015br\u00f3d nich przyjaciele artysty, najbli\u017csi i ci, dla kt\u00f3rych sztuka nie jest oboj\u0119tna.<\/p>\n","protected":false},"author":3,"featured_media":9976,"comment_status":"open","ping_status":"open","sticky":false,"template":"","format":"standard","meta":{"_acf_changed":false,"_exactmetrics_skip_tracking":false,"_exactmetrics_sitenote_active":false,"_exactmetrics_sitenote_note":"","_exactmetrics_sitenote_category":0,"footnotes":""},"categories":[6,1022],"tags":[1036,83,49],"class_list":["post-9975","post","type-post","status-publish","format-standard","has-post-thumbnail","hentry","category-aktualnosci","category-nr-31-kwiecien-2017","tag-jaroslaw-gewinner","tag-ksiaznica-beskidzka","tag-wernisaz"],"acf":[],"jetpack_featured_media_url":"https:\/\/slaskipegaz.bs.katowice.pl\/wp-content\/uploads\/2017\/03\/DSC_0007.jpg","_links":{"self":[{"href":"https:\/\/slaskipegaz.bs.katowice.pl\/index.php?rest_route=\/wp\/v2\/posts\/9975","targetHints":{"allow":["GET"]}}],"collection":[{"href":"https:\/\/slaskipegaz.bs.katowice.pl\/index.php?rest_route=\/wp\/v2\/posts"}],"about":[{"href":"https:\/\/slaskipegaz.bs.katowice.pl\/index.php?rest_route=\/wp\/v2\/types\/post"}],"author":[{"embeddable":true,"href":"https:\/\/slaskipegaz.bs.katowice.pl\/index.php?rest_route=\/wp\/v2\/users\/3"}],"replies":[{"embeddable":true,"href":"https:\/\/slaskipegaz.bs.katowice.pl\/index.php?rest_route=%2Fwp%2Fv2%2Fcomments&post=9975"}],"version-history":[{"count":1,"href":"https:\/\/slaskipegaz.bs.katowice.pl\/index.php?rest_route=\/wp\/v2\/posts\/9975\/revisions"}],"predecessor-version":[{"id":9979,"href":"https:\/\/slaskipegaz.bs.katowice.pl\/index.php?rest_route=\/wp\/v2\/posts\/9975\/revisions\/9979"}],"wp:featuredmedia":[{"embeddable":true,"href":"https:\/\/slaskipegaz.bs.katowice.pl\/index.php?rest_route=\/wp\/v2\/media\/9976"}],"wp:attachment":[{"href":"https:\/\/slaskipegaz.bs.katowice.pl\/index.php?rest_route=%2Fwp%2Fv2%2Fmedia&parent=9975"}],"wp:term":[{"taxonomy":"category","embeddable":true,"href":"https:\/\/slaskipegaz.bs.katowice.pl\/index.php?rest_route=%2Fwp%2Fv2%2Fcategories&post=9975"},{"taxonomy":"post_tag","embeddable":true,"href":"https:\/\/slaskipegaz.bs.katowice.pl\/index.php?rest_route=%2Fwp%2Fv2%2Ftags&post=9975"}],"curies":[{"name":"wp","href":"https:\/\/api.w.org\/{rel}","templated":true}]}}